{"id":10372,"date":"2015-05-02T17:27:54","date_gmt":"2015-05-02T16:27:54","guid":{"rendered":"http:\/\/www.gezupftes.de\/?p=10372"},"modified":"2017-08-03T10:06:45","modified_gmt":"2017-08-03T09:06:45","slug":"salvatore-falbo-giangreco-kompositionen-fuer-mandolinenorchester","status":"publish","type":"post","link":"https:\/\/www.gezupftes.de\/?p=10372","title":{"rendered":"Salvatore Falbo Giangreco &#8211; Kompositionen f\u00fcr Mandolinenorchester"},"content":{"rendered":"<p>Die Kompositionen von <strong>Salvatore Falbo Giangreco<\/strong> sind besonders in Japan beliebt. In einer <a href=\"http:\/\/www.mandoisland.de\/japan\/mandolin_in_japan.html\" target=\"_blank\" rel=\"noopener noreferrer\">Auswertung \u00fcber die meistgespielten Komponisten bei japanischen Mandolinenorchestern <\/a>belegte Falbo den 6. Platz. Ich habe viele Videos von japanischen Mandolinenorchestern mit Werken Falbos gefunden, aber bisher keine Videos eines deutschen oder europ\u00e4ischen Orchesters.<\/p>\n<p>Aus diesem Grund m\u00f6chte ich die Werke von Salvatore Falbo Giangreco hier einmal vorstellen. F\u00fcr jedes Werk gibt es eine Playliste mit den Aufnahmen die ich gefunden habe.<\/p>\n<h4><strong>Salvatore Falbo Giangreco<\/strong> &#8211; Ouverture in Re min<\/h4>\n<p>Das erste Video dieser Playliste ist eine Auff\u00fchrung mit dem Orchester Arte Tokyo unter der Leitung yon Yasunobe Inoue. Dieses Orchester spielt eine l\u00e4ngere Fassung der Ouverture in D-Moll die nach der Originalpartitur erstellt wurde. Die folgenden Videos zeigen dann Auff\u00fchrungen der offiziellen Fassung die auch im Nakano Archiv verf\u00fcgbar war.<\/p>\n<div class=\"ast-oembed-container \" style=\"height: 100%;\"><iframe loading=\"lazy\" title=\"Overture in Re min - Salvatore Falbo Giangreco\" width=\"500\" height=\"281\" src=\"https:\/\/www.youtube.com\/embed\/videoseries?list=PLC878J8mcBo9auT7a6IhlijSU0jmiXxoc\" frameborder=\"0\" allow=\"accelerometer; autoplay; clipboard-write; encrypted-media; gyroscope; picture-in-picture; web-share\" referrerpolicy=\"strict-origin-when-cross-origin\" allowfullscreen><\/iframe><\/div>\n<h4><strong>Salvatore Falbo Giangreco<\/strong> &#8211; Suite Campestre<\/h4>\n<p>Danza a vespro &#8211; Serenatella &#8211; Alba di Festa<\/p>\n<p>Der dritte Satz &#8222;Alba die Festa&#8220; wurde beim All Japan Mandolin Competition von vielen verschiedenen Zupforchestern gespielt &#8211; das dritte Video in der Playliste ist eine Zusammenstellung dieser Auff\u00fchrungen.<\/p>\n<div class=\"ast-oembed-container \" style=\"height: 100%;\"><iframe loading=\"lazy\" title=\"Suite Campestre - Salvatore Falbo Giangreco\" width=\"500\" height=\"281\" src=\"https:\/\/www.youtube.com\/embed\/videoseries?list=PLC878J8mcBo8P72zOQ4PNE_ztkpQQV-M6\" frameborder=\"0\" allow=\"accelerometer; autoplay; clipboard-write; encrypted-media; gyroscope; picture-in-picture; web-share\" referrerpolicy=\"strict-origin-when-cross-origin\" allowfullscreen><\/iframe><\/div>\n<p><!--more--><\/p>\n<h4><strong>Salvatore Falbo Giangreco<\/strong> &#8211; Spagna &#8211; Suite in vier S\u00e4tzen<\/h4>\n<p>Serenata Castigliana &#8211; Jota e Canzone (der zweite und dritte Satz werden zusammen gespielt) &#8211; Bolero<\/p>\n<div class=\"ast-oembed-container \" style=\"height: 100%;\"><iframe loading=\"lazy\" title=\"Spagna - Salvatore Falbo Giangreco\" width=\"500\" height=\"281\" src=\"https:\/\/www.youtube.com\/embed\/videoseries?list=PLC878J8mcBo9uPZBqGZXvSBoz-EXLa4Jp\" frameborder=\"0\" allow=\"accelerometer; autoplay; clipboard-write; encrypted-media; gyroscope; picture-in-picture; web-share\" referrerpolicy=\"strict-origin-when-cross-origin\" allowfullscreen><\/iframe><\/div>\n<h4><strong>Salvatore Falbo Giangreco<\/strong> &#8211; Serenata f\u00fcr Mandoline und Klavier<\/h4>\n<div class=\"ast-oembed-container \" style=\"height: 100%;\"><iframe loading=\"lazy\" title=\"Serenata \/ Salvatore Falbo Giangreco\" width=\"500\" height=\"281\" src=\"https:\/\/www.youtube.com\/embed\/videoseries?list=PLC878J8mcBo9o6cBRGxD-LxggqW-9PlKL\" frameborder=\"0\" allow=\"accelerometer; autoplay; clipboard-write; encrypted-media; gyroscope; picture-in-picture; web-share\" referrerpolicy=\"strict-origin-when-cross-origin\" allowfullscreen><\/iframe><\/div>\n<h4><strong>Salvatore Falbo Giangreco<\/strong> &#8211; Intermezzo<\/h4>\n<div class=\"ast-oembed-container \" style=\"height: 100%;\"><iframe loading=\"lazy\" title=\"Intermezzo - Salvatore Falbo Giangreco\" width=\"500\" height=\"281\" src=\"https:\/\/www.youtube.com\/embed\/videoseries?list=PLC878J8mcBo81iyRr9cPdOnXx-VQuy5xU\" frameborder=\"0\" allow=\"accelerometer; autoplay; clipboard-write; encrypted-media; gyroscope; picture-in-picture; web-share\" referrerpolicy=\"strict-origin-when-cross-origin\" allowfullscreen><\/iframe><\/div>\n<h4><strong>Salvatore Falbo Giangreco<\/strong> &#8211; Serenata Zingaresca (postum)<\/h4>\n<div class=\"ast-oembed-container \" style=\"height: 100%;\"><iframe loading=\"lazy\" title=\"Serenata Zingaresca - Salvatore Falbo Giangreco\" width=\"500\" height=\"281\" src=\"https:\/\/www.youtube.com\/embed\/videoseries?list=PLC878J8mcBo-q0CoresmEy_6ptDqHP5rB\" frameborder=\"0\" allow=\"accelerometer; autoplay; clipboard-write; encrypted-media; gyroscope; picture-in-picture; web-share\" referrerpolicy=\"strict-origin-when-cross-origin\" allowfullscreen><\/iframe><\/div>\n<h4><strong>Salvatore Falbo Giangreco<\/strong> &#8211; Quartetto a plettro<\/h4>\n<p>Allegro deciso &#8211; Andantino sustenuto &#8211; Scherzo &#8211; Canzone e Finale<\/p>\n<div class=\"ast-oembed-container \" style=\"height: 100%;\"><iframe loading=\"lazy\" title=\"Quartetto a plettro - Salvatore Falbo Giangreco\" width=\"500\" height=\"281\" src=\"https:\/\/www.youtube.com\/embed\/videoseries?list=PLC878J8mcBo9alvyxmc6CIbLvHh8SB66i\" frameborder=\"0\" allow=\"accelerometer; autoplay; clipboard-write; encrypted-media; gyroscope; picture-in-picture; web-share\" referrerpolicy=\"strict-origin-when-cross-origin\" allowfullscreen><\/iframe><\/div>\n<h4>Weitere Informationen<\/h4>\n<p><a href=\"http:\/\/www.federmandolino.it\/biografie.html#7\" target=\"_blank\" rel=\"noopener noreferrer\">Biografie (ital.)<\/a><\/p>\n<blockquote><p><strong>SALVATORE FALBO-GIANGRECO [AVOLA 1872 \u2013 AVOLA 1927]<\/strong><\/p>\n<p>Nacque ad Avola in provincia di Siracusa e fin dall\u2019infanzia ebbe un irresistibile trasporto per la musica. A diciotto anni il maestro Pietro Antonino Tasca di Noto gli insegn\u00f2 l\u2019armonia. A Palermo ebbe il primo maestro di contrappunto in Giorgio Miceli, allora direttore del quel Regio Conservatorio.<\/p>\n<p>Due anni dopo, quando fu nominato direttore del conservatorio il maestro Guglielmo Zuelli egli ebbe la fortuna di esservi ammesso come alunno esterno, avendo a maestri Casi e Stroncone per il pianoforte, Favara per il contrappunto e fuga e Zuelli per la composizione.<\/p>\n<p>In meno di due anni svolse tutti i programmi e nell\u2019ottobre del 1896 sostenne brillantemente gli esami di licenza di pianoforte, composizione, contrappunto e fuga, ottenendo un ottimo diploma per una scena lirica a grande orchestra ed una fuga a cinque voci.<\/p>\n<p>Cinque mesi dopo vinceva per concorso il posto di direttore della banda musicale di Nicosia, dove dimor\u00f2 per tre anni. Per\u00f2 la sua mente fu sempre rivolta ala composizione.<\/p>\n<p>Ed egli scrisse in quel tempo: un <em>Kyrie Eleison<\/em> a cinque voci con organo, stile severo, premiato con una medaglia al concorso del giornale <em>La Scaramucccia<\/em> di Firenze; una <em>Lirica <\/em>per archi ed una <em>Romanza<\/em> per violino e pianoforte, lavori premiati con diploma allo stesso concorso; una <em>Ouvertura<\/em> di stile classico, premiata al concorso Lapini, ed acquistata e pubblicata dallo stesso editore.<\/p>\n<p>Chiamato a dirigere la banda del suo paese vi si rec\u00f2; ed anche l\u00e0, contemporaneamente all\u2019opera di direttore, esplic\u00f2 quella di compositore.<\/p>\n<p>Frutto della quale furono i seguente lavori: un\u2019opera in un atto, <em>Intermezzo Pompadour<\/em> ,su parole di F. Amato, rappresentata al teatro Garibaldi di Avola; una serenata per violino e pianoforte, vincitrice del premio del Ministero di P. I. al concorso del <em>Plettro<\/em> di Milano; una lirica per violino e piano, ed una <em>Ave Maria<\/em> premiate con medaglie d\u2019oro al concorso dell\u2019editore Venturi di Bologna e pubblicate dallo stesso; una romanza, <em>Per morin<\/em>, su versi del noto poeta Luigi Orsini, vincitrice del primo premio al concorso bandito dal Liceo musicale Gasperini di Genova\u00a0 ed edita dalla casa Carish e J\u00e4nichen; un\u2019operetta <em>La Favola della Principessa<\/em> vincitrice del secondo premio di lire seicento al concorso dell\u2019editore Gori di Torino; una suite in tre tempi premiata con medaglia d\u2019oro al 3\u00b0 concorso\u00a0 del <em>Plettro<\/em> di Milano e quivi eseguita dalla Filarmonica <em>Paisiello<\/em>; un\u2019<em>Ouverture<\/em> vincitrice del primo premio al 4\u00b0 concorso del <em>Plettro<\/em> ed eseguita nel settembre 1912 come pezzo d\u2019obbligo al concorso di Bergamo dal \u201cClub Armonia\u201d di Trento dalla \u201cEstudiantine Monegasque\u201d di Monaco e dalla Societ\u00e0 \u201cLa Filarmonica\u201d di Torino.<\/p>\n<h3>\u00dcbersetzung:<\/h3>\n<p><span id=\"result_box\" class=\"\" lang=\"de\"><span title=\"SALVATORE FALBO-GIANGRECO [AVOLA 1872 \u2013 AVOLA 1927]&lt;\/p&gt;&lt;br \/&gt; &lt;p&gt;\">SALVA FALBO-Giangreco [Avola 1872 &#8211; AVOLA 1927]<\/span><\/span><\/p>\n<p><span title=\"A Palermo ebbe il primo maestro di contrappunto in Giorgio Miceli, allora direttore del quel Regio Conservatorio.&lt;\/p&gt;&lt;br \/&gt; &lt;p&gt;\">Er wurde in Avola in der Provinz Syracuse geboren und zeigte bereits in seiner Kindheit eine unwiderstehliche Leidenschaft f\u00fcr die Musik. Mit achtzehn bekam er Unterricht in Harmonielehre bei Meister Pietro Antonino Tasca. In Palermo bekam er den ersten Unterricht im Kontrapunkts von\u00a0 Giorgio Miceli, der damals Direktor dieses k\u00f6niglichen Konservatoriums war.<\/span><\/p>\n<p><span title=\"Due anni dopo, quando fu nominato direttore del conservatorio il maestro Guglielmo Zuelli egli ebbe la fortuna di esservi ammesso come alunno esterno, avendo a maestri Casi e Stroncone per il pianoforte, Favara per il contrappunto e fuga e Zuelli per la composizione.&lt;\/p&gt;&lt;br \/&gt; &lt;p&gt;\">Zwei Jahre sp\u00e4ter, als Guglielmo Zuelli Direktor des Konservatoriums wurde, wurde er als externer Sch\u00fcler zugelassen. Klavierunterricht bekam er von den Meistern Casi und\u00a0 Stroncone, Kontrapunkt und Fuge bei Favera und Komposition bei Zuelli.<br \/>\n<\/span><\/p>\n<p><span title=\"In meno di due anni svolse tutti i programmi e nell'ottobre del 1896 sostenne brillantemente gli esami di licenza di pianoforte, composizione, contrappunto e fuga, ottenendo un ottimo diploma per una scena lirica a grande orchestra ed una fuga a cinque voci.&lt;\/p&gt;&lt;br \/&gt; &lt;p&gt;\">In weniger als zwei Jahren absolvierte er die gesamte Ausbildung und legte im Oktober 1896 die Pr\u00fcfungen f\u00fcr\u00a0 Klavier, Komposition, Kontrapunkt und Fuge ab, dabei erhielt er ein hervorragendes Zeugnis f\u00fcr eine Lyrische Szene f\u00fcr gro\u00dfes Orchester und eine f\u00fcnfstimmige Fuge.<\/span><\/p>\n<p><span title=\"Cinque mesi dopo vinceva per concorso il posto di direttore della banda musicale di Nicosia, dove dimor\u00f2 per tre anni.\">F\u00fcnf Monate danach gewann er den Wettbewerb f\u00fcr den Posten des Direktors der Stadtmusik von Nikosia, wo er drei Jahre lang lebte. <\/span><span title=\"Per\u00f2 la sua mente fu sempre rivolta ala composizione.&lt;\/p&gt;&lt;br \/&gt; &lt;p&gt;\">Daneben besch\u00e4ftigte er sich aber st\u00e4ndig mit dem Komponieren.<br \/>\n<\/span><\/p>\n<p><span title=\"Ed egli scrisse in quel tempo: un Kyrie Eleison a cinque voci con organo, stile severo, premiato con una medaglia al concorso del giornale La Scaramucccia di Firenze;\">In dieser Zeit komponierte er: ein <strong>Kyrie Eleison<\/strong> f\u00fcnf Stimmen mit Orgel, in strengen Stil, pr\u00e4miert mit eine Medaille im Wettbewerb der Zeitung La Scaramucccia von Florenz; <\/span><span title=\"una Lirica per archi ed una Romanza per violino e pianoforte, lavori premiati con diploma allo stesso concorso;\">eine <strong>Lyrische Komposition<\/strong> f\u00fcr Streicher und eine <strong>Romanze<\/strong> f\u00fcr Violine und Klavier, ebenfalls mit einem Diplom des gleichen Wettbewerb ausgezeichnet; eine <\/span><span title=\"una Ouvertura di stile classico, premiata al concorso Lapini, ed acquistata e pubblicata dallo stesso editore.&lt;\/p&gt;&lt;br \/&gt; &lt;p&gt;\"><strong>Ouverture<\/strong> im klassischen Stil die im <\/span><span title=\"una Ouvertura di stile classico, premiata al concorso Lapini, ed acquistata e pubblicata dallo stesso editore.&lt;\/p&gt;&lt;br \/&gt; &lt;p&gt;\">Lapini <\/span><span title=\"una Ouvertura di stile classico, premiata al concorso Lapini, ed acquistata e pubblicata dallo stesso editore.&lt;\/p&gt;&lt;br \/&gt; &lt;p&gt;\">Wettbewerb <\/span><span title=\"una Ouvertura di stile classico, premiata al concorso Lapini, ed acquistata e pubblicata dallo stesso editore.&lt;\/p&gt;&lt;br \/&gt; &lt;p&gt;\">ausgezeichnet und <\/span><span title=\"una Ouvertura di stile classico, premiata al concorso Lapini, ed acquistata e pubblicata dallo stesso editore.&lt;\/p&gt;&lt;br \/&gt; &lt;p&gt;\">im selben Verlag ver\u00f6ffentlicht <\/span><span title=\"una Ouvertura di stile classico, premiata al concorso Lapini, ed acquistata e pubblicata dallo stesso editore.&lt;\/p&gt;&lt;br \/&gt; &lt;p&gt;\">wurde.<\/span><\/p>\n<p><span title=\"Chiamato a dirigere la banda del suo paese vi si rec\u00f2;\">Er wurde zur\u00fcck in seine Heimatstadt gerufen um dort die Musikkapelle zu leiten; gleichzeitig \u00fcbernahm er dort den Posten als Direktor und Komponist an der Oper.<\/span><\/p>\n<p><span title=\"Frutto della quale furono i seguente lavori: un'opera in un atto, Intermezzo Pompadour ,su parole di F. Amato, rappresentata al teatro Garibaldi di Avola;\">Aus dieser T\u00e4tgkeit entsanden die folgenden Werke: eine <strong>Oper<\/strong> in einem Akt, <strong><em>Intermezzo Pompadour<\/em><\/strong>, nach einem Libretto von F. Amato, aufgef\u00fchrt im Theater Garibaldi in Avola; <\/span><span title=\"una serenata per violino e pianoforte, vincitrice del premio del Ministero di PI al concorso del Plettro di Milano;\">eine <strong>Serenade<\/strong> f\u00fcr Violine und Klavier, Gewinner des Ministeriums f\u00fcr P. I. im Wettbewerb von Il Plettro von Mailand; <\/span><span title=\"una lirica per violino e piano, ed una Ave Maria premiate con medaglie d'oro al concorso dell'editore Venturi di Bologna e pubblicate dallo stesso;\">ein Gedicht f\u00fcr Violine und Klavier, und ein <strong>Ave Maria<\/strong> erhielt Goldmedaillen im Wettbewerb des Herausgebers Venturi in Bologna und wurd dort ver\u00f6ffentlicht; <\/span><span title=\"una romanza, Per morin, su versi del noto poeta Luigi Orsini, vincitrice del primo premio al concorso bandito dal Liceo musicale Gasperini di Genova ed edita dalla casa Carish e J\u00e4nichen;\">eine <strong>Romanze,<\/strong> <em>Per Morin<\/em>, auf Verse des ber\u00fchmten Dichters Luigi Orsini, der den ersten Preis im Wettbewerb f\u00fcr Musikkapellen am Konservatorium Gasperini Genua organisiert und bei Carish &amp; J\u00e4nichen ver\u00f6ffentlicht wurde; eine <\/span><span title=\"un'operetta La Favola della Principessa vincitrice del secondo premio di lire seicento al concorso dell'editore Gori di Torino;\"><strong>Operette\u00a0<em>La Favola della Principessa<\/em><\/strong> gewann den zweiten Preis von \u00a3 600 im Wettbewerb der Herausgeber Gori aus Turin; <\/span><span title=\"una suite in tre tempi premiata con medaglia d'oro al 3\u00b0 concorso del Plettro di Milano e quivi eseguita dalla Filarmonica Paisiello;\">eine <strong>Suite in drei S\u00e4tzen<\/strong> ausgezeichnet mit der Goldmedaille beim 3. Wettbewerb Il Plectro von Mailand und anschliessend aufgef\u00fchrt von der Philharmonie <em>Paisiello<\/em> ; eine <\/span><span title=\"un'Ouverture vincitrice del primo premio al 4\u00b0 concorso del Plettro ed eseguita nel settembre 1912 come pezzo d'obbligo al concorso di Bergamo dal \u201cClub Armonia\u201d di Trento dalla \u201cEstudiantine Monegasque\u201d di Monaco e dalla Societ\u00e0 \u201cLa Filarmonica\u201d di Torino\"><strong>Ouvert\u00fcre<\/strong> gewann den ersten Preis beim 4. Wettbewerb von Il Plettro\u00a0 und wurde im September 1912 als Pflichtst\u00fcck im Wettbewerb von Bergamo vom &#8222;Club Armonia&#8220; von Trient, von der\u00a0\u201cEstudiantine Monegasque\u201d aus Monaco und von der Gesellschaft \u201cLa Filarmonica\u201d aus Turin aufgef\u00fchrt <\/span><span title=\".\">.<\/span><\/p><\/blockquote>\n<p><a href=\"http:\/\/www.justclassicalguitar.com\/vpmusicmedia\/biblioteca.php\" target=\"_blank\" rel=\"noopener noreferrer\">Biografie (ital.)<\/a><\/p>\n<blockquote>\n<p align=\"left\">Salvatore Falbo (1872-1927) (Falbo Giangreco Salvatore &#8211;\u00a0 Compositore e Capo\u00b7musica; nato nel 1872 in Avola (Siracusa), vi mor\u00ec l&#8217;8 aprile 1927, quale direttore di quella Banda, come prima aveva diretto quella di Nicosa. Allievo del conservatorio di Palermo comp\u00ec gli studi di composizione con i maestri Favara e Zuelli, diplomandosi nel 1896 col presentare agli esami finali una Scena lirica per grande orchestra, e una Fuga a 5 voci. \u00c8 autore di musica orchestrale (Ouverture, Suite, Intermezzo); Lirica per archi; Pezzi per violino e pianoforte (Romanza, Lirica, Serenata); l&#8217;opera in un atto Pompadour, libretto di F. Amato (Avola Tr. Garibaldi); l&#8217;operetta La Favola della Principessa. \/ Carlo Schmidl, Dizionario Universale dei Musicisti, Appendice al primo e secondo volume, Casa editrice Sonzogno, Milano, 1938<\/p>\n<p align=\"left\">\u2666 Irresistibile (Fox Trot) per 2 mandolini e chitarra, included in the magazine IL PLETTRO June\/1924, Alessandro Vizzari, Milano<\/p>\n<\/blockquote>\n<p>&nbsp;<\/p>\n","protected":false},"excerpt":{"rendered":"<p>Die Kompositionen von Salvatore Falbo Giangreco sind besonders in Japan beliebt. In einer Auswertung \u00fcber die meistgespielten Komponisten bei japanischen [&hellip;]<\/p>\n","protected":false},"author":1,"featured_media":12667,"comment_status":"closed","ping_status":"closed","sticky":false,"template":"","format":"standard","meta":{"site-sidebar-layout":"default","site-content-layout":"","ast-site-content-layout":"","site-content-style":"default","site-sidebar-style":"default","ast-global-header-display":"","ast-banner-title-visibility":"","ast-main-header-display":"","ast-hfb-above-header-display":"","ast-hfb-below-header-display":"","ast-hfb-mobile-header-display":"","site-post-title":"","ast-breadcrumbs-content":"","ast-featured-img":"","footer-sml-layout":"","theme-transparent-header-meta":"","adv-header-id-meta":"","stick-header-meta":"","header-above-stick-meta":"","header-main-stick-meta":"","header-below-stick-meta":"","astra-migrate-meta-layouts":"default","ast-page-background-enabled":"default","ast-page-background-meta":{"desktop":{"background-color":"var(--ast-global-color-4)","background-image":"","background-repeat":"repeat","background-position":"center center","background-size":"auto","background-attachment":"scroll","background-type":"","background-media":"","overlay-type":"","overlay-color":"","overlay-opacity":"","overlay-gradient":""},"tablet":{"background-color":"","background-image":"","background-repeat":"repeat","background-position":"center center","background-size":"auto","background-attachment":"scroll","background-type":"","background-media":"","overlay-type":"","overlay-color":"","overlay-opacity":"","overlay-gradient":""},"mobile":{"background-color":"","background-image":"","background-repeat":"repeat","background-position":"center center","background-size":"auto","background-attachment":"scroll","background-type":"","background-media":"","overlay-type":"","overlay-color":"","overlay-opacity":"","overlay-gradient":""}},"ast-content-background-meta":{"desktop":{"background-color":"var(--ast-global-color-5)","background-image":"","background-repeat":"repeat","background-position":"center center","background-size":"auto","background-attachment":"scroll","background-type":"","background-media":"","overlay-type":"","overlay-color":"","overlay-opacity":"","overlay-gradient":""},"tablet":{"background-color":"var(--ast-global-color-5)","background-image":"","background-repeat":"repeat","background-position":"center center","background-size":"auto","background-attachment":"scroll","background-type":"","background-media":"","overlay-type":"","overlay-color":"","overlay-opacity":"","overlay-gradient":""},"mobile":{"background-color":"var(--ast-global-color-5)","background-image":"","background-repeat":"repeat","background-position":"center center","background-size":"auto","background-attachment":"scroll","background-type":"","background-media":"","overlay-type":"","overlay-color":"","overlay-opacity":"","overlay-gradient":""}},"jetpack_post_was_ever_published":false,"_jetpack_newsletter_access":"","_jetpack_dont_email_post_to_subs":true,"_jetpack_newsletter_tier_id":0,"_jetpack_memberships_contains_paywalled_content":false,"_jetpack_memberships_contains_paid_content":false,"footnotes":"","jetpack_publicize_message":"","jetpack_publicize_feature_enabled":true,"jetpack_social_post_already_shared":true,"jetpack_social_options":{"image_generator_settings":{"template":"highway","enabled":false},"version":2}},"categories":[465],"tags":[20,206,202],"class_list":["post-10372","post","type-post","status-publish","format-standard","has-post-thumbnail","hentry","category-mandolinenorchester","tag-italien","tag-komponisten","tag-mandolinenorchester"],"jetpack_publicize_connections":[],"jetpack_featured_media_url":"https:\/\/i0.wp.com\/www.gezupftes.de\/wp-content\/uploads\/2015\/05\/catalogueofmusic00murr_orig_0030-statuette3.jpg?fit=1273%2C2273&ssl=1","jetpack_shortlink":"https:\/\/wp.me\/pI0aV-2Hi","jetpack_sharing_enabled":true,"_links":{"self":[{"href":"https:\/\/www.gezupftes.de\/index.php?rest_route=\/wp\/v2\/posts\/10372","targetHints":{"allow":["GET"]}}],"collection":[{"href":"https:\/\/www.gezupftes.de\/index.php?rest_route=\/wp\/v2\/posts"}],"about":[{"href":"https:\/\/www.gezupftes.de\/index.php?rest_route=\/wp\/v2\/types\/post"}],"author":[{"embeddable":true,"href":"https:\/\/www.gezupftes.de\/index.php?rest_route=\/wp\/v2\/users\/1"}],"replies":[{"embeddable":true,"href":"https:\/\/www.gezupftes.de\/index.php?rest_route=%2Fwp%2Fv2%2Fcomments&post=10372"}],"version-history":[{"count":15,"href":"https:\/\/www.gezupftes.de\/index.php?rest_route=\/wp\/v2\/posts\/10372\/revisions"}],"predecessor-version":[{"id":12668,"href":"https:\/\/www.gezupftes.de\/index.php?rest_route=\/wp\/v2\/posts\/10372\/revisions\/12668"}],"wp:featuredmedia":[{"embeddable":true,"href":"https:\/\/www.gezupftes.de\/index.php?rest_route=\/wp\/v2\/media\/12667"}],"wp:attachment":[{"href":"https:\/\/www.gezupftes.de\/index.php?rest_route=%2Fwp%2Fv2%2Fmedia&parent=10372"}],"wp:term":[{"taxonomy":"category","embeddable":true,"href":"https:\/\/www.gezupftes.de\/index.php?rest_route=%2Fwp%2Fv2%2Fcategories&post=10372"},{"taxonomy":"post_tag","embeddable":true,"href":"https:\/\/www.gezupftes.de\/index.php?rest_route=%2Fwp%2Fv2%2Ftags&post=10372"}],"curies":[{"name":"wp","href":"https:\/\/api.w.org\/{rel}","templated":true}]}}