{"id":10414,"date":"2015-07-06T20:40:19","date_gmt":"2015-07-06T19:40:19","guid":{"rendered":"http:\/\/www.gezupftes.de\/?p=10414"},"modified":"2017-08-01T06:24:35","modified_gmt":"2017-08-01T05:24:35","slug":"duo-recuerda-gioielli-del-barocco-musik-des-barock-fuer-mandoline-und-gitarre","status":"publish","type":"post","link":"https:\/\/www.gezupftes.de\/?p=10414","title":{"rendered":"Duo ReCuerda &#8211; Gioielli del barocco &#8211; Musik des Barock f\u00fcr Mandoline und Gitarre"},"content":{"rendered":"<p>Juwelen des Barock &#8211; <strong>Gioielli del barocco<\/strong> &#8211; heisst die dritte CD des <strong>Duo Recuerda<\/strong>. Nach der zweiten CD &#8222;Montuno&#8220; mit Musik des 20. Jahrhunderts f\u00fchrt uns Gioielli de barocco ins fr\u00fche 18. Jahrhundert &#8211; eine Zeit in der es auch \u00fcblich war dass die Besetzung vieler\u00a0Werke nicht ganz streng festgelegt war, in der also die eine oder andere Komposition vielleicht auch auf der Mandoline oder Laute aufgef\u00fchrt wurde.<\/p>\n<p><strong>Jeannette und Vicente Mozos del Campo<\/strong> haben f\u00fcr diese CD Kompositionen der barocken Meister\u00a0<strong>Domenico Scarlatti<\/strong>, <strong>Arcangelo Corelli<\/strong> und <strong>Georg Friedrich H\u00e4ndel<\/strong> ausgew\u00e4hlt die sich ideal f\u00fcr eine Auff\u00fchrung mit Mandoline und Gitarre eignen. Dazu kommen die\u00a0Sonate Nr. 8 von <strong>Abate Ranieri Capponi<\/strong> und eine Sinfonia a Mandolino von <strong>Nicolo Romaldi<\/strong>, in beiden F\u00e4llen ist\u00a0\u00fcber das Leben dieser\u00a0Komponisten kaum etwas\u00a0bekannt.<\/p>\n<p>Besonders die Sonate von Ranieri geh\u00f6rt f\u00fcr mich zu den Highlights der CD. Nach einem klangvollen Largo als\u00a0Einleitungssatz folgt ein virtuoses, fr\u00f6hliches Allegro assai. Im dritten Satz zeigt Jeannette Mozos del Campo dass man auch auf der Mandoline ein tolles Legato und lang ausgehaltene T\u00f6ne spielen kann. Im Schlusssatz kann\u00a0die Mandoline dann wieder mit Tonrepetitionen und virtuosen Arpeggien brillieren.<\/p>\n<p>Jeannete Mozos del Campos&#8216; Mandolinenspiel \u00fcberzeugt durch den oftmals \u00fcberraschend weichen, dann wieder strahlenden Mandolinenklang, virtuose Anschlagtechniken und geschmackvolle Verzierungen, \u00a0w\u00e4hrend Vicente Mozos del Campo mit seiner Gitarre pr\u00e4zise und abwechslungsreich begleitet, immer wieder durch den anspruchsvollen Satz interessante Akzente setzt oder mit der Mandoline in einen Dialog tritt.<\/p>\n<p>Diese CD ist eine tolle Bereicherung im\u00a0Bereich Barockmusik f\u00fcr die Besetzung Mandoline und Gitarre, eine CD die nicht schnell langweilig wird und die man immer wieder h\u00f6ren kann. Vielleicht kann der eine oder andere durch diese CD die Mandoline als Instrument f\u00fcr anspruchsvolle Musik des Barock f\u00fcr sich entdecken. Sie ist mit Sicherheit auch eine tolle Geschenkidee f\u00fcr Musikliebhaber au\u00dferhalb der Zupfmusikszene.<\/p>\n<h4>Programm<\/h4>\n<p><strong>Domenico Scarlatti<\/strong> (1685-1757) &#8211;\u00a0Sonata g-Moll K. 88 L. 36 (Grave\/ Andante moderato\/ Allegro\/ Minuet)<\/p>\n<p><strong>Abbate Ranieri Capponi<\/strong> (?-1744) &#8211;\u00a0Sonata VIII (Largo\/ Allegro assai\/ Affetuoso\/ Allegro assai)<\/p>\n<p><strong>Arcangelo Corelli<\/strong> (1653-1713) &#8211;\u00a0Sonata Op. 5 Nr. VII d-Moll (Preludio\/ Corrente\/ Sarabanda\/ Giga)<\/p>\n<p><strong>Georg Friedrich H\u00e4ndel<\/strong> (1685-1759) &#8211;\u00a0Suite HWV 429 (Allemande\/ Courante\/ Sarabende\/ Gigue)\u00a0 tr. Duo ReCuerda<\/p>\n<p><strong>Nicolo Romaldi<\/strong> (ca. 1680-1730) &#8211;\u00a0Sinfonia a Mandolino d-Moll (Adagio\/ Allegro\/ Adagio\/ Menuette)<\/p>\n<p><strong>Domenico Scarlatti<\/strong> (1685-1757) &#8211;\u00a0Sonata d-Moll K. 1 L. 366 (Allegro) tr. Duo ReCuerda &#8211;\u00a0Sonata C-Dur K. 86 L. 403 (Andante moderato) &#8211;\u00a0Sonata G-Dur K. 2 L. 388 (Presto)<\/p>\n<h4>Playliste &#8211; Duo ReCuerda<\/h4>\n<p>Die Playliste enh\u00e4lt S\u00e4tze von Corelli, H\u00e4ndel und eine Sonate von D. Scarlatti.<\/p>\n<div class=\"ast-oembed-container \" style=\"height: 100%;\"><iframe loading=\"lazy\" title=\"Duo ReCuerda - Gioielli del Barocco\" width=\"500\" height=\"281\" src=\"https:\/\/www.youtube.com\/embed\/videoseries?list=PLC878J8mcBo_g5rkHm1cU93UVcQl7SXbu\" frameborder=\"0\" allow=\"accelerometer; autoplay; clipboard-write; encrypted-media; gyroscope; picture-in-picture; web-share\" referrerpolicy=\"strict-origin-when-cross-origin\" allowfullscreen><\/iframe><\/div>\n<h2>Weitere Informationen<\/h2>\n<p><a href=\"https:\/\/www.youtube.com\/user\/duorecuerda\/videos\" target=\"_blank\" rel=\"noopener noreferrer\">youtube Kanal Duo ReCuerda<\/a><\/p>\n<p><a href=\"http:\/\/www.duorecuerda.com\/\" target=\"_blank\" rel=\"noopener noreferrer\">Website Duo ReCuerda<\/a><\/p>\n<p>Die CD ist erh\u00e4ltlich direkt bei <a href=\"http:\/\/primton.de\/gioielli-del-barocco\" target=\"_blank\" rel=\"noopener noreferrer\">primton<\/a>, bei <a href=\"https:\/\/www.jpc.de\/jpcng\/classic\/detail\/-\/art\/duo-recuerda-gioielli-del-barocco\/hnum\/7606594\" target=\"_blank\" rel=\"noopener noreferrer\">jpc<\/a>,\u00a0 Amazon und anderen Lieferanten<\/p>\n<p><a href=\"http:\/\/primton.de\/gioielli-del-barocco\" target=\"_blank\" rel=\"noopener noreferrer\">CD-Vorstellung Gioielli del Barocco bei primton<\/a>\u00a0mit ausf\u00fchrlichen Informationen, dem kompletten Inhalt des CD-Booklett und H\u00f6rproben<\/p>\n<blockquote><p>\u201eJuwelen des Barock\u201c: Das Duo ReCuerda pr\u00e4sentiert einen aufregenden Streifzug durch ausgew\u00e4hlte Barockmusik f\u00fcr Mandoline und Gitarre. Mal spritzig-virtuos, mal vergeistigt-konzertiert reiht sich hier Bekanntes an Repertoirerarit\u00e4ten und Originales an kunstvolle Arrangements.<\/p><\/blockquote>\n<p>CD <strong>Gioielli del Barocco<\/strong> bei Amazon (Partnerlink)<\/p>\n<p style=\"text-align: center;\"><iframe loading=\"lazy\" style=\"width: 120px; height: 240px;\" src=\"\/\/ws-eu.amazon-adsystem.com\/widgets\/q?ServiceVersion=20070822&amp;OneJS=1&amp;Operation=GetAdHtml&amp;MarketPlace=DE&amp;source=ss&amp;ref=ss_til&amp;ad_type=product_link&amp;tracking_id=wwwmandoislan-21&amp;marketplace=amazon&amp;region=DE&amp;placement=B00YB995IO&amp;asins=B00YB995IO&amp;linkId=32PBI4ASRP5I7KJX&amp;show_border=true&amp;link_opens_in_new_window=true\" width=\"300\" height=\"150\" frameborder=\"0\" marginwidth=\"0\" marginheight=\"0\" scrolling=\"no\"><br \/>\n<\/iframe><\/p>\n<h3>Noten (Originalbesetzung, diverse Bearbeitungen)<\/h3>\n<p><!--more-->Noten der Werke von Scarlatti, H\u00e4ndel und Corelli fndet man in der Petrucci Library. Zum mitlesen \u00a0oder ausprobieren (zumindest f\u00fcr die Oberstimme) hier die entsprechenden Links:<\/p>\n<ul>\n<li id=\"firstHeading\"><a href=\"http:\/\/imslp.org\/wiki\/Keyboard_Sonata_in_G_minor,_K.88_(Scarlatti,_Domenico)\" target=\"_blank\" rel=\"noopener noreferrer\">Keyboard Sonata in G minor, K.88 (Scarlatti, Domenico)<\/a><\/li>\n<\/ul>\n<figure id=\"attachment_10418\" aria-describedby=\"caption-attachment-10418\" style=\"width: 300px\" class=\"wp-caption aligncenter\"><a href=\"https:\/\/i0.wp.com\/www.gezupftes.de\/wp-content\/uploads\/2015\/06\/domenico-scarlatti-k-88.jpg\"><img data-recalc-dims=\"1\" loading=\"lazy\" decoding=\"async\" data-attachment-id=\"10418\" data-permalink=\"https:\/\/www.gezupftes.de\/?attachment_id=10418\" data-orig-file=\"https:\/\/i0.wp.com\/www.gezupftes.de\/wp-content\/uploads\/2015\/06\/domenico-scarlatti-k-88.jpg?fit=860%2C735&amp;ssl=1\" data-orig-size=\"860,735\" data-comments-opened=\"0\" data-image-meta=\"{&quot;aperture&quot;:&quot;0&quot;,&quot;credit&quot;:&quot;&quot;,&quot;camera&quot;:&quot;&quot;,&quot;caption&quot;:&quot;&quot;,&quot;created_timestamp&quot;:&quot;0&quot;,&quot;copyright&quot;:&quot;&quot;,&quot;focal_length&quot;:&quot;0&quot;,&quot;iso&quot;:&quot;0&quot;,&quot;shutter_speed&quot;:&quot;0&quot;,&quot;title&quot;:&quot;&quot;,&quot;orientation&quot;:&quot;0&quot;}\" data-image-title=\"domenico-scarlatti-k-88\" data-image-description=\"\" data-image-caption=\"&lt;p&gt;Domenico Scarlatti &amp;#8211; Sonata K. 88 G-Moll&lt;\/p&gt;\n\" data-medium-file=\"https:\/\/i0.wp.com\/www.gezupftes.de\/wp-content\/uploads\/2015\/06\/domenico-scarlatti-k-88.jpg?fit=300%2C256&amp;ssl=1\" data-large-file=\"https:\/\/i0.wp.com\/www.gezupftes.de\/wp-content\/uploads\/2015\/06\/domenico-scarlatti-k-88.jpg?fit=860%2C735&amp;ssl=1\" class=\"size-medium wp-image-10418\" src=\"https:\/\/i0.wp.com\/www.gezupftes.de\/wp-content\/uploads\/2015\/06\/domenico-scarlatti-k-88.jpg?resize=300%2C256\" alt=\"Domenico Scarlatti - Sonata K. 88 G-Moll\" width=\"300\" height=\"256\" srcset=\"https:\/\/i0.wp.com\/www.gezupftes.de\/wp-content\/uploads\/2015\/06\/domenico-scarlatti-k-88.jpg?resize=300%2C256&amp;ssl=1 300w, https:\/\/i0.wp.com\/www.gezupftes.de\/wp-content\/uploads\/2015\/06\/domenico-scarlatti-k-88.jpg?w=860&amp;ssl=1 860w\" sizes=\"auto, (max-width: 300px) 100vw, 300px\" \/><\/a><figcaption id=\"caption-attachment-10418\" class=\"wp-caption-text\">Domenico Scarlatti &#8211; Sonata K. 88 G-Moll<\/figcaption><\/figure>\n<ul>\n<li id=\"firstHeading\" class=\"firstHeading\"><a href=\"http:\/\/imslp.org\/wiki\/Keyboard_Sonata_in_D_minor,_K.1_(Scarlatti,_Domenico)\" target=\"_blank\" rel=\"noopener noreferrer\">Keyboard Sonata in D minor, K.1 (Scarlatti, Domenico)<\/a><\/li>\n<\/ul>\n<figure id=\"attachment_10419\" aria-describedby=\"caption-attachment-10419\" style=\"width: 300px\" class=\"wp-caption aligncenter\"><a href=\"https:\/\/i0.wp.com\/www.gezupftes.de\/wp-content\/uploads\/2015\/06\/domenico-scarlatti-k-1.jpg\"><img data-recalc-dims=\"1\" loading=\"lazy\" decoding=\"async\" data-attachment-id=\"10419\" data-permalink=\"https:\/\/www.gezupftes.de\/?attachment_id=10419\" data-orig-file=\"https:\/\/i0.wp.com\/www.gezupftes.de\/wp-content\/uploads\/2015\/06\/domenico-scarlatti-k-1.jpg?fit=908%2C487&amp;ssl=1\" data-orig-size=\"908,487\" data-comments-opened=\"0\" data-image-meta=\"{&quot;aperture&quot;:&quot;0&quot;,&quot;credit&quot;:&quot;&quot;,&quot;camera&quot;:&quot;&quot;,&quot;caption&quot;:&quot;&quot;,&quot;created_timestamp&quot;:&quot;0&quot;,&quot;copyright&quot;:&quot;&quot;,&quot;focal_length&quot;:&quot;0&quot;,&quot;iso&quot;:&quot;0&quot;,&quot;shutter_speed&quot;:&quot;0&quot;,&quot;title&quot;:&quot;&quot;,&quot;orientation&quot;:&quot;0&quot;}\" data-image-title=\"domenico-scarlatti-k-1\" data-image-description=\"\" data-image-caption=\"&lt;p&gt;Domenico Scarlatti Sonata K. 1&lt;\/p&gt;\n\" data-medium-file=\"https:\/\/i0.wp.com\/www.gezupftes.de\/wp-content\/uploads\/2015\/06\/domenico-scarlatti-k-1.jpg?fit=300%2C161&amp;ssl=1\" data-large-file=\"https:\/\/i0.wp.com\/www.gezupftes.de\/wp-content\/uploads\/2015\/06\/domenico-scarlatti-k-1.jpg?fit=908%2C487&amp;ssl=1\" class=\"size-medium wp-image-10419\" src=\"https:\/\/i0.wp.com\/www.gezupftes.de\/wp-content\/uploads\/2015\/06\/domenico-scarlatti-k-1.jpg?resize=300%2C161\" alt=\"Domenico Scarlatti Sonata K. 1\" width=\"300\" height=\"161\" srcset=\"https:\/\/i0.wp.com\/www.gezupftes.de\/wp-content\/uploads\/2015\/06\/domenico-scarlatti-k-1.jpg?resize=300%2C161&amp;ssl=1 300w, https:\/\/i0.wp.com\/www.gezupftes.de\/wp-content\/uploads\/2015\/06\/domenico-scarlatti-k-1.jpg?w=908&amp;ssl=1 908w\" sizes=\"auto, (max-width: 300px) 100vw, 300px\" \/><\/a><figcaption id=\"caption-attachment-10419\" class=\"wp-caption-text\">Domenico Scarlatti Sonata K. 1<\/figcaption><\/figure>\n<ul>\n<li><a class=\"categorypagelink\" title=\"Keyboard Sonata in G major, K.2 (Scarlatti, Domenico)\" href=\"http:\/\/imslp.org\/wiki\/Keyboard_Sonata_in_G_major,_K.2_(Scarlatti,_Domenico)\" target=\"_blank\" rel=\"noopener noreferrer\">Keyboard Sonata in G major, K.2 (Scarlatti, Domenico)<\/a><\/li>\n<\/ul>\n<figure id=\"attachment_10422\" aria-describedby=\"caption-attachment-10422\" style=\"width: 300px\" class=\"wp-caption aligncenter\"><a href=\"https:\/\/i0.wp.com\/www.gezupftes.de\/wp-content\/uploads\/2015\/06\/domenico-scarlatti-k-2.jpg\"><img data-recalc-dims=\"1\" loading=\"lazy\" decoding=\"async\" data-attachment-id=\"10422\" data-permalink=\"https:\/\/www.gezupftes.de\/?attachment_id=10422\" data-orig-file=\"https:\/\/i0.wp.com\/www.gezupftes.de\/wp-content\/uploads\/2015\/06\/domenico-scarlatti-k-2.jpg?fit=735%2C522&amp;ssl=1\" data-orig-size=\"735,522\" data-comments-opened=\"0\" data-image-meta=\"{&quot;aperture&quot;:&quot;0&quot;,&quot;credit&quot;:&quot;&quot;,&quot;camera&quot;:&quot;&quot;,&quot;caption&quot;:&quot;&quot;,&quot;created_timestamp&quot;:&quot;0&quot;,&quot;copyright&quot;:&quot;&quot;,&quot;focal_length&quot;:&quot;0&quot;,&quot;iso&quot;:&quot;0&quot;,&quot;shutter_speed&quot;:&quot;0&quot;,&quot;title&quot;:&quot;&quot;,&quot;orientation&quot;:&quot;0&quot;}\" data-image-title=\"domenico-scarlatti-k-2\" data-image-description=\"\" data-image-caption=\"&lt;p&gt;Domenico Scarlatti &amp;#8211; Sonata K. 2&lt;\/p&gt;\n\" data-medium-file=\"https:\/\/i0.wp.com\/www.gezupftes.de\/wp-content\/uploads\/2015\/06\/domenico-scarlatti-k-2.jpg?fit=300%2C213&amp;ssl=1\" data-large-file=\"https:\/\/i0.wp.com\/www.gezupftes.de\/wp-content\/uploads\/2015\/06\/domenico-scarlatti-k-2.jpg?fit=735%2C522&amp;ssl=1\" class=\"size-medium wp-image-10422\" src=\"https:\/\/i0.wp.com\/www.gezupftes.de\/wp-content\/uploads\/2015\/06\/domenico-scarlatti-k-2.jpg?resize=300%2C213\" alt=\"Domenico Scarlatti - Sonata K. 2\" width=\"300\" height=\"213\" srcset=\"https:\/\/i0.wp.com\/www.gezupftes.de\/wp-content\/uploads\/2015\/06\/domenico-scarlatti-k-2.jpg?resize=300%2C213&amp;ssl=1 300w, https:\/\/i0.wp.com\/www.gezupftes.de\/wp-content\/uploads\/2015\/06\/domenico-scarlatti-k-2.jpg?w=735&amp;ssl=1 735w\" sizes=\"auto, (max-width: 300px) 100vw, 300px\" \/><\/a><figcaption id=\"caption-attachment-10422\" class=\"wp-caption-text\">Domenico Scarlatti &#8211; Sonata K. 2<\/figcaption><\/figure>\n<ul>\n<li><a class=\"categorypagelink\" title=\"Keyboard Sonata in C major, K.86 (Scarlatti, Domenico)\" href=\"http:\/\/imslp.org\/wiki\/Keyboard_Sonata_in_C_major,_K.86_(Scarlatti,_Domenico)\" target=\"_blank\" rel=\"noopener noreferrer\">Keyboard Sonata in C major, K.86 (Scarlatti, Domenico)<\/a><\/li>\n<li>\n<p id=\"firstHeading\" class=\"firstHeading\"><a href=\"http:\/\/imslp.org\/wiki\/Suite_in_E_minor,_HWV_429_(Handel,_George_Frideric)\" target=\"_blank\" rel=\"noopener noreferrer\">Suite in E minor, HWV 429 (Handel, George Frideric)<\/a><\/p>\n<\/li>\n<li>\n<p class=\"r\"><a href=\"http:\/\/imslp.org\/wiki\/12_Violin_Sonatas,_Op.5_(Corelli,_Arcangelo)\" target=\"_blank\" rel=\"noopener noreferrer\">12 Violin Sonatas, Op.5 (Corelli, Arcangelo)<\/a><\/p>\n<\/li>\n<\/ul>\n<p>Die Kompositionen von <strong>Abate Ranieri Capponi<\/strong> und \u00a0<strong>Nicolo Romaldi <\/strong>sind im Verlag Vogt &amp; Fritz erschienen. Sie sind direkt bei der <a href=\"http:\/\/www.edition49.de\" target=\"_blank\" rel=\"noopener noreferrer\">edition49<\/a> oder im Musikhandel erh\u00e4ltlich<\/p>\n<p>Lesen sie auch:<\/p>\n<ul>\n<li id=\"post-6428\"><a title=\"Permanent Link to Montuno \u2013 Die neue CD des Duo Recuerda \u2013 Werke f\u00fcr Mandoline und Gitarre von Mereu, Wolters, Gershwin, Piazzolla und Klug\" href=\"http:\/\/www.gezupftes.de\/?p=6428\" rel=\"bookmark\">Montuno \u2013 Die neue CD des Duo Recuerda \u2013 Werke f\u00fcr Mandoline und Gitarre von Mereu, Wolters, Gershwin, Piazzolla und Klug<\/a><\/li>\n<\/ul>\n","protected":false},"excerpt":{"rendered":"<p>Juwelen des Barock &#8211; Gioielli del barocco &#8211; heisst die dritte CD des Duo Recuerda. Nach der zweiten CD &#8222;Montuno&#8220; [&hellip;]<\/p>\n","protected":false},"author":1,"featured_media":10419,"comment_status":"closed","ping_status":"closed","sticky":false,"template":"","format":"standard","meta":{"site-sidebar-layout":"default","site-content-layout":"","ast-site-content-layout":"","site-content-style":"default","site-sidebar-style":"default","ast-global-header-display":"","ast-banner-title-visibility":"","ast-main-header-display":"","ast-hfb-above-header-display":"","ast-hfb-below-header-display":"","ast-hfb-mobile-header-display":"","site-post-title":"","ast-breadcrumbs-content":"","ast-featured-img":"","footer-sml-layout":"","theme-transparent-header-meta":"","adv-header-id-meta":"","stick-header-meta":"","header-above-stick-meta":"","header-main-stick-meta":"","header-below-stick-meta":"","astra-migrate-meta-layouts":"default","ast-page-background-enabled":"default","ast-page-background-meta":{"desktop":{"background-color":"var(--ast-global-color-4)","background-image":"","background-repeat":"repeat","background-position":"center center","background-size":"auto","background-attachment":"scroll","background-type":"","background-media":"","overlay-type":"","overlay-color":"","overlay-opacity":"","overlay-gradient":""},"tablet":{"background-color":"","background-image":"","background-repeat":"repeat","background-position":"center center","background-size":"auto","background-attachment":"scroll","background-type":"","background-media":"","overlay-type":"","overlay-color":"","overlay-opacity":"","overlay-gradient":""},"mobile":{"background-color":"","background-image":"","background-repeat":"repeat","background-position":"center center","background-size":"auto","background-attachment":"scroll","background-type":"","background-media":"","overlay-type":"","overlay-color":"","overlay-opacity":"","overlay-gradient":""}},"ast-content-background-meta":{"desktop":{"background-color":"var(--ast-global-color-5)","background-image":"","background-repeat":"repeat","background-position":"center center","background-size":"auto","background-attachment":"scroll","background-type":"","background-media":"","overlay-type":"","overlay-color":"","overlay-opacity":"","overlay-gradient":""},"tablet":{"background-color":"var(--ast-global-color-5)","background-image":"","background-repeat":"repeat","background-position":"center center","background-size":"auto","background-attachment":"scroll","background-type":"","background-media":"","overlay-type":"","overlay-color":"","overlay-opacity":"","overlay-gradient":""},"mobile":{"background-color":"var(--ast-global-color-5)","background-image":"","background-repeat":"repeat","background-position":"center center","background-size":"auto","background-attachment":"scroll","background-type":"","background-media":"","overlay-type":"","overlay-color":"","overlay-opacity":"","overlay-gradient":""}},"jetpack_post_was_ever_published":false,"_jetpack_newsletter_access":"","_jetpack_dont_email_post_to_subs":true,"_jetpack_newsletter_tier_id":0,"_jetpack_memberships_contains_paywalled_content":false,"_jetpack_memberships_contains_paid_content":false,"footnotes":"","jetpack_publicize_message":"","jetpack_publicize_feature_enabled":true,"jetpack_social_post_already_shared":true,"jetpack_social_options":{"image_generator_settings":{"template":"highway","enabled":false},"version":2}},"categories":[474],"tags":[190,13,334],"class_list":["post-10414","post","type-post","status-publish","format-standard","has-post-thumbnail","hentry","category-mandoline-und-gitarre","tag-barock","tag-cd","tag-mandoline-und-gitarre"],"jetpack_publicize_connections":[],"jetpack_featured_media_url":"https:\/\/i0.wp.com\/www.gezupftes.de\/wp-content\/uploads\/2015\/06\/domenico-scarlatti-k-1.jpg?fit=908%2C487&ssl=1","jetpack_shortlink":"https:\/\/wp.me\/pI0aV-2HY","jetpack_sharing_enabled":true,"_links":{"self":[{"href":"https:\/\/www.gezupftes.de\/index.php?rest_route=\/wp\/v2\/posts\/10414","targetHints":{"allow":["GET"]}}],"collection":[{"href":"https:\/\/www.gezupftes.de\/index.php?rest_route=\/wp\/v2\/posts"}],"about":[{"href":"https:\/\/www.gezupftes.de\/index.php?rest_route=\/wp\/v2\/types\/post"}],"author":[{"embeddable":true,"href":"https:\/\/www.gezupftes.de\/index.php?rest_route=\/wp\/v2\/users\/1"}],"replies":[{"embeddable":true,"href":"https:\/\/www.gezupftes.de\/index.php?rest_route=%2Fwp%2Fv2%2Fcomments&post=10414"}],"version-history":[{"count":18,"href":"https:\/\/www.gezupftes.de\/index.php?rest_route=\/wp\/v2\/posts\/10414\/revisions"}],"predecessor-version":[{"id":12495,"href":"https:\/\/www.gezupftes.de\/index.php?rest_route=\/wp\/v2\/posts\/10414\/revisions\/12495"}],"wp:featuredmedia":[{"embeddable":true,"href":"https:\/\/www.gezupftes.de\/index.php?rest_route=\/wp\/v2\/media\/10419"}],"wp:attachment":[{"href":"https:\/\/www.gezupftes.de\/index.php?rest_route=%2Fwp%2Fv2%2Fmedia&parent=10414"}],"wp:term":[{"taxonomy":"category","embeddable":true,"href":"https:\/\/www.gezupftes.de\/index.php?rest_route=%2Fwp%2Fv2%2Fcategories&post=10414"},{"taxonomy":"post_tag","embeddable":true,"href":"https:\/\/www.gezupftes.de\/index.php?rest_route=%2Fwp%2Fv2%2Ftags&post=10414"}],"curies":[{"name":"wp","href":"https:\/\/api.w.org\/{rel}","templated":true}]}}