{"id":11127,"date":"2016-03-22T16:14:14","date_gmt":"2016-03-22T15:14:14","guid":{"rendered":"http:\/\/www.gezupftes.de\/?p=11127"},"modified":"2017-09-05T21:35:16","modified_gmt":"2017-09-05T20:35:16","slug":"steffen-trekel-mandoline-und-michael-troester-gitarre-ein-komplettes-konzert-haydn-scarlatti-wuesthoff-munier","status":"publish","type":"post","link":"https:\/\/www.gezupftes.de\/?p=11127","title":{"rendered":"Steffen Trekel (Mandoline) &#038; Michael Tr\u00f6ster (Gitarre) &#8211; Ein komplettes Konzert &#8211; Haydn, Scarlatti, W\u00fcsthoff, Munier"},"content":{"rendered":"<p>Das <strong>Duo Trekel &#8211; Tr\u00f6ster<\/strong> geh\u00f6rt zu den renommiertesten Duos f\u00fcr Mandoline und Gitarre. Sie treten regelm\u00e4\u00dfig bei allen wichtigen Zupfmusik-Events in Deutschland und Europa auf.<\/p>\n<p><strong>Steffen Trekel<\/strong> und <strong>Michael Tr\u00f6ster<\/strong> haben schon mehrfach Konzertreisen nach\u00a0Japan und Korea unternommen.<\/p>\n<p>Ein komplettes Konzert von der Konzertreise nach Japan im Jahr 2013 kann man bei youtube finden.<\/p>\n<p>Neben Steffen Trekel und Michael Tr\u00f6ster wirkte an diesem Konzert auch der japanische Gitarrist <strong>Yoshinobu Hara<\/strong> mit. Die Japanische Mandolinistin <strong>Ayako Kojima<\/strong>\u00a0die auch in Deutschland Mandoline studiert hat \u00fcbersetzte die Ansagen von Steffen Trekel und Michael Tr\u00f6ster ins Japanische.<\/p>\n<h4>Konzert &#8211;\u00a0Senzoku Gakuen College of Music &#8211;\u00a012. Oktober 2013<\/h4>\n<p>Gakuen 90th Anniversary &#8211;\u00a0&#8222;SILVER MOUNTAIN ER\u00d6FFNUNGSKONZERT&#8220;<\/p>\n<p>Veranstaltungsort: Senzoku Gakuen College of Music Silver Mountain B1F<\/p>\n<ul>\n<li>Yoshinobu Hara (Gitarre)<\/li>\n<li>Michael Tr\u00f6ster\u00a0(Gitarre)<\/li>\n<li>Stefan Trekel\u00a0(Mandoline)<\/li>\n<\/ul>\n<p>\u25a0 Programm \u25a0<\/p>\n<p><a href=\"https:\/\/youtu.be\/Y6LDGlo9oxc?t=56s\" target=\"_blank\" rel=\"noopener noreferrer\">00:56<\/a> &#8211; Trio \/ Joseph Haydn (Duo Trekel-Tr\u00f6ster +\u00a0Yoshinobu Hara)<\/p>\n<p><a href=\"https:\/\/youtu.be\/Y6LDGlo9oxc?t=17m30s\" target=\"_blank\" rel=\"noopener noreferrer\">17:30<\/a> &#8211; Ansage<br \/>\n<a href=\"https:\/\/youtu.be\/Y6LDGlo9oxc?t=19m50s\" target=\"_blank\" rel=\"noopener noreferrer\">19:50<\/a> &#8211; Sonate G-Dur K.91 \/ Domenico Scarlatti (Duo Trekel-Tr\u00f6ster)<\/p>\n<p><a href=\"https:\/\/youtu.be\/Y6LDGlo9oxc?t=29m33s\">29:33<\/a> &#8211; Ansage<br \/>\n<a href=\"https:\/\/youtu.be\/Y6LDGlo9oxc?t=31m11s\" target=\"_blank\" rel=\"noopener noreferrer\">31:11<\/a> &#8211; Asturias und Sevilla \/ Isaac Albeniz (Michael Tr\u00f6ster)<\/p>\n<p><a href=\"https:\/\/youtu.be\/Y6LDGlo9oxc?t=44m15s\" target=\"_blank\" rel=\"noopener noreferrer\">44:15<\/a> &#8211; Ansage<br \/>\n<a href=\"https:\/\/youtu.be\/Y6LDGlo9oxc?t=45m34s\" target=\"_blank\" rel=\"noopener noreferrer\">45:34<\/a> &#8211; Capriccio Spagnuolo op.276 \/ Carlo Munier\u00a0(Duo Trekel-Tr\u00f6ster)<\/p>\n<p><a href=\"https:\/\/youtu.be\/Y6LDGlo9oxc?t=53m42s\" target=\"_blank\" rel=\"noopener noreferrer\">53:42<\/a> &#8211; Variaciones sobre un tema de Mozart op.9 \/ Fernando Sor (Yoshinobu Hara)<\/p>\n<p><a href=\"https:\/\/youtu.be\/Y6LDGlo9oxc?t=1h3m51s\" target=\"_blank\" rel=\"noopener noreferrer\">1:03:51<\/a> &#8211; Ansage<br \/>\n<a href=\"https:\/\/youtu.be\/Y6LDGlo9oxc?t=1h6m24s\" target=\"_blank\" rel=\"noopener noreferrer\">1:06:24<\/a> &#8211; Collagen \/ Klaus W\u00fcsthoff\u00a0(Duo Trekel-Tr\u00f6ster)<\/p>\n<p><a href=\"https:\/\/youtu.be\/Y6LDGlo9oxc?t=1h16m45s\" target=\"_blank\" rel=\"noopener noreferrer\">1:16:45<\/a> &#8211; Ansage<br \/>\n<a href=\"https:\/\/youtu.be\/Y6LDGlo9oxc?t=1h17m59s\" target=\"_blank\" rel=\"noopener noreferrer\">1:17:59<\/a> &#8211; Sonata \/ Keigo Fujii\u00a0(Duo Trekel-Tr\u00f6ster)<\/p>\n<p><a href=\"https:\/\/youtu.be\/Y6LDGlo9oxc?t=1h31m13s\" target=\"_blank\" rel=\"noopener noreferrer\">1:31:13<\/a> &#8211; Prayer &#8211; Frederic Hand (Duo Trekel-Tr\u00f6ster)<\/p>\n<p><a href=\"https:\/\/youtu.be\/Y6LDGlo9oxc?t=1h37m24s\" target=\"_blank\" rel=\"noopener noreferrer\">1:37:24<\/a> &#8211; Zugabe &#8211; Trio von Haydn (Duo Trekel-Tr\u00f6ster +\u00a0Yoshinobu Hara)<\/p>\n<div class=\"ast-oembed-container \" style=\"height: 100%;\"><iframe loading=\"lazy\" title=\"SMC \u300e\u30c9\u30a4\u30c4\u3068\u65e5\u672c\u3092\u7d50\u3076\u30ae\u30bf\u30fc\u306e\u8abf\u3079\u300f\" width=\"500\" height=\"281\" src=\"https:\/\/www.youtube.com\/embed\/Y6LDGlo9oxc?feature=oembed\" frameborder=\"0\" allow=\"accelerometer; autoplay; clipboard-write; encrypted-media; gyroscope; picture-in-picture; web-share\" referrerpolicy=\"strict-origin-when-cross-origin\" allowfullscreen><\/iframe><\/div>\n<h2><\/h2>\n<p><!--more--><\/p>\n<h4>Weitere Informationen<\/h4>\n<p><a href=\"https:\/\/www.youtube.com\/channel\/UCZk36v-BzAuN2f4EWW887eA\" target=\"_blank\" rel=\"noopener noreferrer\">youtube Kanal Duo Trekel-Tr\u00f6ster<\/a><\/p>\n<p><a href=\"https:\/\/www.youtube.com\/channel\/UCMypq4cLq7sQm3NM6lJQWJA\" target=\"_blank\" rel=\"noopener noreferrer\">youtube Kanal Steffen Trekel<\/a><\/p>\n<p>Homepage Steffen Trekel: <a href=\"http:\/\/www.steffen-trekel.de\/\" target=\"_blank\" rel=\"noopener noreferrer\">http:\/\/www.steffen-trekel.de<\/a><\/p>\n<blockquote><p><strong>Steffen Trekel<\/strong> z\u00e4hlt zu den f\u00fchrenden Mandolinisten und Mandolinenp\u00e4dagogen unserer Zeit.<\/p>\n<p>Er studierte Mandoline privat bei Detlef Tewes sowie an der Musikhochschule K\u00f6ln bei Prof. Marga Wilden-H\u00fcsgen und ist Preistr\u00e4ger etlicher nationaler und internationaler Wettbewerbe.<\/p>\n<p>Seit 1995 ist Steffen Trekel als Dozent f\u00fcr Mandoline und Methodik am <a href=\"http:\/\/www.hamburger-konservatorium.de\/\" target=\"_blank\" rel=\"noopener noreferrer\">Hamburger Konservatorium<\/a> t\u00e4tig und unterrichtet dar\u00fcber hinaus an der <a href=\"http:\/\/www.kreismusikschule-herzogtum-lauenburg.de\/\" target=\"_blank\" rel=\"noopener noreferrer\">Kreismusikschule Herzogtum Lauenburg<\/a>. Seine Unterrichtst\u00e4tigkeit erstreckt sich dabei vom fr\u00fchinstrumentalen Unterricht bis zur Ausbildung von Studenten, wobei die Erfolge seiner Sch\u00fcler und Studenten bei Wettbewerben den ausgezeichneten Ruf best\u00e4tigen, den er als P\u00e4dagoge genie\u00dft.<\/p><\/blockquote>\n<p>Homepage Michael Tr\u00f6ster: <a href=\"http:\/\/www.michael-troester.de\/\" target=\"_blank\" rel=\"noopener noreferrer\">http:\/\/www.michael-troester.de\/<\/a><\/p>\n<blockquote><p>Michael Tr\u00f6ster wurde in Schweinfurt geboren.<br \/>\nEr begann seine k\u00fcnstlerische Ausbildung bei Gerhard Vogt und setzte diese an den Musikhochschulen Frankfurt, W\u00fcrzburg und Basel bei den Professoren H. Teuchert, D. Kirsch und K. Ragossnig sowie bei Professor Siegfried Behrend fort.<br \/>\nDer sowohl als Solist wie auch als Kammermusiker sehr erfolgreiche Gitarrist hat zahlreiche erste Preise internationaler Wettbewerbe gewonnen, so zum Beispiel beim Deutschen Musikwettbewerb oder beim Villa-Lobos-Wettbewerb in Mailand.<br \/>\nKonzertreisen f\u00fchrten ihn unter Anderem durch:<br \/>\nUSA, Japan, Neuseeland, Australien, Korea, Kanada, Saudi Arabien, Vereinigte Arabische Emirate, Laos, Thailand, Brunei, T\u00fcrkei, Israel, Jordanien, \u00c4gypten, Russland, Deutschland, Italien, \u00d6sterreich, Schweiz, Frankreich, Niederlande, England, D\u00e4nemark, Ungarn, Polen, Jugoslawien, Tschechien, Slowakei und Spanien.<\/p><\/blockquote>\n<p><a href=\"http:\/\/www.senzoku.ac.jp\/music\/index.php\" target=\"_blank\" rel=\"noopener noreferrer\">Website of the Senzoku Gakuen College of Music<\/a><\/p>\n<p><a href=\"http:\/\/imslp.org\/wiki\/Keyboard_Sonata_in_G_major,_K.91_%28Scarlatti,_Domenico%29\" target=\"_blank\" rel=\"noopener noreferrer\">Noten Domenico Scarlatti &#8211; Sonate K. 91 in der Petrucci Library<\/a><\/p>\n<p>Lesen sie auch:<\/p>\n<ul>\n<li><a title=\"Permanent Link: Das Duo TnT \u2013 Steffen Trekel und Michael Tr\u00f6ster \u2013 Gitarre und Mandoline\" href=\"http:\/\/www.gezupftes.de\/?p=3205\" rel=\"bookmark\">Das Duo TnT \u2013 Steffen Trekel und Michael Tr\u00f6ster \u2013 Gitarre und Mandoline<\/a><\/li>\n<li><a title=\"Permanent Link: Ayako Kojima (Mandoline) \u2013 Balltr\u00e4ume, Sonate von Leone, Bizzarria von Munier, Oblivion von Piazzolla\" href=\"http:\/\/www.gezupftes.de\/?p=11157\" rel=\"bookmark\">Ayako Kojima (Mandoline) \u2013 Balltr\u00e4ume, Sonate von Leone, Bizzarria von Munier, Oblivion von Piazzolla<\/a><\/li>\n<\/ul>\n<p>&nbsp;<\/p>\n","protected":false},"excerpt":{"rendered":"<p>Das Duo Trekel &#8211; Tr\u00f6ster geh\u00f6rt zu den renommiertesten Duos f\u00fcr Mandoline und Gitarre. Sie treten regelm\u00e4\u00dfig bei allen wichtigen [&hellip;]<\/p>\n","protected":false},"author":1,"featured_media":13032,"comment_status":"closed","ping_status":"closed","sticky":false,"template":"","format":"standard","meta":{"site-sidebar-layout":"default","site-content-layout":"","ast-site-content-layout":"","site-content-style":"default","site-sidebar-style":"default","ast-global-header-display":"","ast-banner-title-visibility":"","ast-main-header-display":"","ast-hfb-above-header-display":"","ast-hfb-below-header-display":"","ast-hfb-mobile-header-display":"","site-post-title":"","ast-breadcrumbs-content":"","ast-featured-img":"","footer-sml-layout":"","theme-transparent-header-meta":"","adv-header-id-meta":"","stick-header-meta":"","header-above-stick-meta":"","header-main-stick-meta":"","header-below-stick-meta":"","astra-migrate-meta-layouts":"default","ast-page-background-enabled":"default","ast-page-background-meta":{"desktop":{"background-color":"var(--ast-global-color-4)","background-image":"","background-repeat":"repeat","background-position":"center center","background-size":"auto","background-attachment":"scroll","background-type":"","background-media":"","overlay-type":"","overlay-color":"","overlay-opacity":"","overlay-gradient":""},"tablet":{"background-color":"","background-image":"","background-repeat":"repeat","background-position":"center center","background-size":"auto","background-attachment":"scroll","background-type":"","background-media":"","overlay-type":"","overlay-color":"","overlay-opacity":"","overlay-gradient":""},"mobile":{"background-color":"","background-image":"","background-repeat":"repeat","background-position":"center center","background-size":"auto","background-attachment":"scroll","background-type":"","background-media":"","overlay-type":"","overlay-color":"","overlay-opacity":"","overlay-gradient":""}},"ast-content-background-meta":{"desktop":{"background-color":"var(--ast-global-color-5)","background-image":"","background-repeat":"repeat","background-position":"center center","background-size":"auto","background-attachment":"scroll","background-type":"","background-media":"","overlay-type":"","overlay-color":"","overlay-opacity":"","overlay-gradient":""},"tablet":{"background-color":"var(--ast-global-color-5)","background-image":"","background-repeat":"repeat","background-position":"center center","background-size":"auto","background-attachment":"scroll","background-type":"","background-media":"","overlay-type":"","overlay-color":"","overlay-opacity":"","overlay-gradient":""},"mobile":{"background-color":"var(--ast-global-color-5)","background-image":"","background-repeat":"repeat","background-position":"center center","background-size":"auto","background-attachment":"scroll","background-type":"","background-media":"","overlay-type":"","overlay-color":"","overlay-opacity":"","overlay-gradient":""}},"jetpack_post_was_ever_published":false,"_jetpack_newsletter_access":"","_jetpack_dont_email_post_to_subs":true,"_jetpack_newsletter_tier_id":0,"_jetpack_memberships_contains_paywalled_content":false,"_jetpack_memberships_contains_paid_content":false,"footnotes":"","jetpack_publicize_message":"","jetpack_publicize_feature_enabled":true,"jetpack_social_post_already_shared":true,"jetpack_social_options":{"image_generator_settings":{"template":"highway","enabled":false},"version":2}},"categories":[474],"tags":[155,12,6,334],"class_list":["post-11127","post","type-post","status-publish","format-standard","has-post-thumbnail","hentry","category-mandoline-und-gitarre","tag-duo","tag-gitarre","tag-mandoline","tag-mandoline-und-gitarre"],"jetpack_publicize_connections":[],"jetpack_featured_media_url":"https:\/\/i0.wp.com\/www.gezupftes.de\/wp-content\/uploads\/2016\/03\/troester-01.jpg?fit=496%2C472&ssl=1","jetpack_shortlink":"https:\/\/wp.me\/pI0aV-2Tt","jetpack_sharing_enabled":true,"_links":{"self":[{"href":"https:\/\/www.gezupftes.de\/index.php?rest_route=\/wp\/v2\/posts\/11127","targetHints":{"allow":["GET"]}}],"collection":[{"href":"https:\/\/www.gezupftes.de\/index.php?rest_route=\/wp\/v2\/posts"}],"about":[{"href":"https:\/\/www.gezupftes.de\/index.php?rest_route=\/wp\/v2\/types\/post"}],"author":[{"embeddable":true,"href":"https:\/\/www.gezupftes.de\/index.php?rest_route=\/wp\/v2\/users\/1"}],"replies":[{"embeddable":true,"href":"https:\/\/www.gezupftes.de\/index.php?rest_route=%2Fwp%2Fv2%2Fcomments&post=11127"}],"version-history":[{"count":34,"href":"https:\/\/www.gezupftes.de\/index.php?rest_route=\/wp\/v2\/posts\/11127\/revisions"}],"predecessor-version":[{"id":12487,"href":"https:\/\/www.gezupftes.de\/index.php?rest_route=\/wp\/v2\/posts\/11127\/revisions\/12487"}],"wp:featuredmedia":[{"embeddable":true,"href":"https:\/\/www.gezupftes.de\/index.php?rest_route=\/wp\/v2\/media\/13032"}],"wp:attachment":[{"href":"https:\/\/www.gezupftes.de\/index.php?rest_route=%2Fwp%2Fv2%2Fmedia&parent=11127"}],"wp:term":[{"taxonomy":"category","embeddable":true,"href":"https:\/\/www.gezupftes.de\/index.php?rest_route=%2Fwp%2Fv2%2Fcategories&post=11127"},{"taxonomy":"post_tag","embeddable":true,"href":"https:\/\/www.gezupftes.de\/index.php?rest_route=%2Fwp%2Fv2%2Ftags&post=11127"}],"curies":[{"name":"wp","href":"https:\/\/api.w.org\/{rel}","templated":true}]}}