{"id":4603,"date":"2011-02-07T15:47:37","date_gmt":"2011-02-07T14:47:37","guid":{"rendered":"http:\/\/www.gezupftes.de\/?p=4603"},"modified":"2011-02-07T15:47:57","modified_gmt":"2011-02-07T14:47:57","slug":"jam-jenseits-des-jazz-roda-de-choro-in-stuttgart-elisa-goritzki-flote-grupo-sonoro","status":"publish","type":"post","link":"https:\/\/www.gezupftes.de\/?p=4603","title":{"rendered":"Jam Jenseits des Jazz: Roda de Choro in Stuttgart &#8211; Elisa Goritzki (Fl\u00f6te) &#8211; Grupo Sonoro"},"content":{"rendered":"<p>In Stuttgart soll ab Februar regelm\u00e4\u00dfig eine <strong>Roda da Choro<\/strong> stattfinden, ein interessantes Projekt, das hoffentlich erfolgreich etabliert werden kann.<\/p>\n<p>Hier die Ank\u00fcndigung von Nancy de Matos-Leuze vom C\u00edrculo Cultural Brasileiro e.V.:<\/p>\n<h2>JAM JENSEITS DES JAZZ: RODA DE CHORO IN STUTTGART<\/h2>\n<p>Zum ersten Mal in Baden-W\u00fcrttemberg: eine Jamsession der anderen Art. Es geht um Brasilianische Musik, aber keine die popul\u00e4r ist wie Samba oder Bossa Nova.<br \/>\n<strong>Choro <\/strong>[schoro] hei\u00dft einer der \u00e4ltesten, anspruchsvollsten und reinsten in Europa noch weitestgehend unbekannten Instrumentalmusikstile Brasiliens und wird am 17.02.11 um<br \/>\n19.30 Uhr im Filmtheater (T\u00fcrlenstrasse 2 70191 Stuttgart) pr\u00e4sentiert.<\/p>\n<p>Das Choro-Ensemble, <strong>Sonoro<\/strong>, aus Brasilien wird zu Gast sein. Virtuosit\u00e4t und Spielwitz sind die Eigenschaften dieser Gruppe, die das Lebensgef\u00fchl der Brasilianer widerspiegelt.<\/p>\n<p>Musiker aus der Region sind herzlich zu diesem besonderen Jam eingeladen, das einmal im Monat in Stuttgart stattfinden wird. Noten werden vor Ort oder per Mail \u00fcberreicht, eigene Instrumente sollen mitgebracht werden. Frau Dr. Elisa Goritzki und Frau Nancy de Matos-Leuze \u00fcbernehmen die Musikalische Leitung des Roda de Choro.<\/p>\n<p>Roda de Choro wird f\u00fcr alle ein Genuss mit anspruchsvollem Repertoire von Choroes (Choro-Spieler) wie Pixinguinha, Waldir Azevedo, Ernesto Nazareth, Hermeto Pascoal und anderen.<\/p>\n<p>Tischreservierung: 0711 3008442 oder per Mail: nancy@matos-leuze.de<\/p>\n<p>Eintritt:<br \/>\n8,00 Euro (Normaler Preis)<br \/>\n6,00 Euro (Studenten)<br \/>\n4,00 Euro (Mitglieder des C\u00edrculo Cultural Brasileiro e.V.)<\/p>\n<p><strong>C\u00edrculo Cultural Brasileiro e.V.<br \/>\nNancy de Matos-Leuze<br \/>\nRotkehlchenweg 2 \/ 2<br \/>\n70734 Fellbach<br \/>\nGermany<\/strong><\/p>\n<p>Tel.: +49 711 3008442<br \/>\nFax: +49 711 3008469<br \/>\nMobil: +49 179 547 6666<\/p>\n<p>e-mail: nancy@matos-leuze.de<\/p>\n<h2>Ensemble Sonoro<\/h2>\n<p>\u00dcber das Ensemble Sonoro habe ich folgenden Text gefunden:<\/p>\n<blockquote><p><a title=\"Permanent Link to O grupo de choro \u201cSonoro\u201d se apresenta\u2026\u2026\" rel=\"bookmark\" href=\"http:\/\/bando.do.chorao.free.fr\/?p=2200\" target=\"_blank\">O  grupo de choro \u201cSonoro\u201d se apresenta\u2026\u2026<\/a><\/p>\n<p><small>November 8th, 2010 <!-- by denis7cordas --><\/small><\/p>\n<p><strong>Sonoro<\/strong>, grupo formado com m\u00fasicos experientes na m\u00fasica  instrumental brasileira, oferece a riqueza de um dos g\u00eaneros musicais  brasileiros mais antigo, o Choro, e vem se dedicando ao estudo e \u00e0  pr\u00e1tica deste g\u00eanero musical, buscando, atrav\u00e9s da pesquisa continuada, a  inspira\u00e7\u00e3o e novos elementos para seus arranjos e interpreta\u00e7\u00f5es.  Fundado por <strong>Elisa Goritzki<\/strong>, fundadora do Novato, grupo de Choro que tem  forte atua\u00e7\u00e3o atrav\u00e9s de projetos e concertos no cen\u00e1rio musical da  Bahia e que em 2007 realizou uma turn\u00ea na Alemanha, o\u00a0Sonoro\u00a0tem como  objetivo difundir este g\u00eanero musical na Alemanha e Europa.<\/p>\n<p>Sonoro\u00a0\u00e9 o grupo base do Projeto\u00a0<em>Roda de Choro em\u00a0 Stuttgart<\/em>,  que se iniciar\u00e1 em Janeiro de 2011 e que pretende difundir o Choro  atrav\u00e9s de projetos, workshops e concertos.<\/p>\n<div id=\"_mcePaste\">Integrantes  :<\/div>\n<div>Elisa Goritzki \u2013 Flauta<\/div>\n<div id=\"_mcePaste\">Dudu Reis \u2013 Cavaquinho<\/div>\n<div id=\"_mcePaste\">Cristiano Fischer \u2013 Viol\u00e3o 7 Cordas<\/div>\n<div id=\"_mcePaste\">Raul Pitanga \u2013 Pandeiro<\/div>\n<\/blockquote>\n<div>Geleitet wird das Ensemble (und auch die Roda de Choro) von der Fl\u00f6tistin <strong>Elisa Goritzki<\/strong> die in Brasilien die Fl\u00f6te studiert hat. Hier zwei Videos von Brasilianischen Filmfestival, das im November 2010 in Stuttgart stattgefunden hat.<\/div>\n<h2>Elisa Goritzki<\/h2>\n<blockquote>\n<div>Elisa Goritzki e Cristiano Fischer, tocando o choro <strong>Murmjurando <\/strong>de Fon  Fon, no 2. Brasilianisches Filmfestival, no dia 25.11.2011, em Stuttgart<\/div>\n<\/blockquote>\n<div class=\"ast-oembed-container \" style=\"height: 100%;\"><iframe loading=\"lazy\" title=\"Elisa e Cristiano tocando o choro Murmurando de Fon Fon\" width=\"500\" height=\"281\" src=\"https:\/\/www.youtube.com\/embed\/9VnOXYf39xA?feature=oembed\" frameborder=\"0\" allow=\"accelerometer; autoplay; clipboard-write; encrypted-media; gyroscope; picture-in-picture; web-share\" referrerpolicy=\"strict-origin-when-cross-origin\" allowfullscreen><\/iframe><\/div>\n<blockquote>\n<div>Elisa Goritzki e Cristiano Fischer tocando os choros <strong>Nostalgia e Bole  Bole<\/strong>, ambos de Jacob do Bandolim, no 2. Brasilianisches Filmfestival,  em 25.11.2011 em Stuttgart &#8211; Alemanha<\/div>\n<\/blockquote>\n<div class=\"ast-oembed-container \" style=\"height: 100%;\"><iframe loading=\"lazy\" title=\"Elisa e Cristiano tocando Nostalgia e Bole Bole de Jacob do Bandolim\" width=\"500\" height=\"281\" src=\"https:\/\/www.youtube.com\/embed\/tjcbE2XzGVQ?feature=oembed\" frameborder=\"0\" allow=\"accelerometer; autoplay; clipboard-write; encrypted-media; gyroscope; picture-in-picture; web-share\" referrerpolicy=\"strict-origin-when-cross-origin\" allowfullscreen><\/iframe><\/div>\n<h2>Weitere Informationen<\/h2>\n<div>\u00dcber Elisa Goritzki: <a href=\"http:\/\/www.awamusikschule.de\/MateusDelaFonte.html\" target=\"_blank\">http:\/\/www.awamusikschule.de\/MateusDelaFonte.html<\/a><\/div>\n<div>Homepage des Circolo Clultural Brasileiro: <a href=\"http:\/\/circuloculturalbrasileiro.com\/\" target=\"_blank\">http:\/\/circuloculturalbrasileiro.com\/<\/a><\/div>\n","protected":false},"excerpt":{"rendered":"<p>In Stuttgart soll ab Februar regelm\u00e4\u00dfig eine Roda da Choro stattfinden, ein interessantes Projekt, das hoffentlich erfolgreich etabliert werden kann. [&hellip;]<\/p>\n","protected":false},"author":1,"featured_media":0,"comment_status":"closed","ping_status":"closed","sticky":false,"template":"","format":"standard","meta":{"site-sidebar-layout":"default","site-content-layout":"","ast-site-content-layout":"","site-content-style":"default","site-sidebar-style":"default","ast-global-header-display":"","ast-banner-title-visibility":"","ast-main-header-display":"","ast-hfb-above-header-display":"","ast-hfb-below-header-display":"","ast-hfb-mobile-header-display":"","site-post-title":"","ast-breadcrumbs-content":"","ast-featured-img":"","footer-sml-layout":"","theme-transparent-header-meta":"","adv-header-id-meta":"","stick-header-meta":"","header-above-stick-meta":"","header-main-stick-meta":"","header-below-stick-meta":"","astra-migrate-meta-layouts":"default","ast-page-background-enabled":"default","ast-page-background-meta":{"desktop":{"background-color":"var(--ast-global-color-4)","background-image":"","background-repeat":"repeat","background-position":"center center","background-size":"auto","background-attachment":"scroll","background-type":"","background-media":"","overlay-type":"","overlay-color":"","overlay-opacity":"","overlay-gradient":""},"tablet":{"background-color":"","background-image":"","background-repeat":"repeat","background-position":"center center","background-size":"auto","background-attachment":"scroll","background-type":"","background-media":"","overlay-type":"","overlay-color":"","overlay-opacity":"","overlay-gradient":""},"mobile":{"background-color":"","background-image":"","background-repeat":"repeat","background-position":"center center","background-size":"auto","background-attachment":"scroll","background-type":"","background-media":"","overlay-type":"","overlay-color":"","overlay-opacity":"","overlay-gradient":""}},"ast-content-background-meta":{"desktop":{"background-color":"var(--ast-global-color-5)","background-image":"","background-repeat":"repeat","background-position":"center center","background-size":"auto","background-attachment":"scroll","background-type":"","background-media":"","overlay-type":"","overlay-color":"","overlay-opacity":"","overlay-gradient":""},"tablet":{"background-color":"var(--ast-global-color-5)","background-image":"","background-repeat":"repeat","background-position":"center center","background-size":"auto","background-attachment":"scroll","background-type":"","background-media":"","overlay-type":"","overlay-color":"","overlay-opacity":"","overlay-gradient":""},"mobile":{"background-color":"var(--ast-global-color-5)","background-image":"","background-repeat":"repeat","background-position":"center center","background-size":"auto","background-attachment":"scroll","background-type":"","background-media":"","overlay-type":"","overlay-color":"","overlay-opacity":"","overlay-gradient":""}},"jetpack_post_was_ever_published":false,"_jetpack_newsletter_access":"","_jetpack_dont_email_post_to_subs":false,"_jetpack_newsletter_tier_id":0,"_jetpack_memberships_contains_paywalled_content":false,"_jetpack_memberships_contains_paid_content":false,"footnotes":"","jetpack_publicize_message":"","jetpack_publicize_feature_enabled":true,"jetpack_social_post_already_shared":false,"jetpack_social_options":{"image_generator_settings":{"template":"highway","enabled":false},"version":2}},"categories":[1],"tags":[22,27,129,153],"class_list":["post-4603","post","type-post","status-publish","format-standard","hentry","category-allgemein","tag-brasilien","tag-choro","tag-deutschland","tag-flote"],"jetpack_publicize_connections":[],"jetpack_featured_media_url":"","jetpack_shortlink":"https:\/\/wp.me\/pI0aV-1cf","jetpack_sharing_enabled":true,"_links":{"self":[{"href":"https:\/\/www.gezupftes.de\/index.php?rest_route=\/wp\/v2\/posts\/4603","targetHints":{"allow":["GET"]}}],"collection":[{"href":"https:\/\/www.gezupftes.de\/index.php?rest_route=\/wp\/v2\/posts"}],"about":[{"href":"https:\/\/www.gezupftes.de\/index.php?rest_route=\/wp\/v2\/types\/post"}],"author":[{"embeddable":true,"href":"https:\/\/www.gezupftes.de\/index.php?rest_route=\/wp\/v2\/users\/1"}],"replies":[{"embeddable":true,"href":"https:\/\/www.gezupftes.de\/index.php?rest_route=%2Fwp%2Fv2%2Fcomments&post=4603"}],"version-history":[{"count":12,"href":"https:\/\/www.gezupftes.de\/index.php?rest_route=\/wp\/v2\/posts\/4603\/revisions"}],"predecessor-version":[{"id":4615,"href":"https:\/\/www.gezupftes.de\/index.php?rest_route=\/wp\/v2\/posts\/4603\/revisions\/4615"}],"wp:attachment":[{"href":"https:\/\/www.gezupftes.de\/index.php?rest_route=%2Fwp%2Fv2%2Fmedia&parent=4603"}],"wp:term":[{"taxonomy":"category","embeddable":true,"href":"https:\/\/www.gezupftes.de\/index.php?rest_route=%2Fwp%2Fv2%2Fcategories&post=4603"},{"taxonomy":"post_tag","embeddable":true,"href":"https:\/\/www.gezupftes.de\/index.php?rest_route=%2Fwp%2Fv2%2Ftags&post=4603"}],"curies":[{"name":"wp","href":"https:\/\/api.w.org\/{rel}","templated":true}]}}