{"id":6843,"date":"2012-02-22T07:44:38","date_gmt":"2012-02-22T06:44:38","guid":{"rendered":"http:\/\/www.gezupftes.de\/?p=6843"},"modified":"2017-11-12T10:46:19","modified_gmt":"2017-11-12T09:46:19","slug":"das-duo-siqueira-lima-ein-tolles-gitarrenduo-aus-uruguay-und-brasilien","status":"publish","type":"post","link":"https:\/\/www.gezupftes.de\/?p=6843","title":{"rendered":"Das Duo Siqueira Lima &#8211; Ein tolles Gitarrenduo aus Uruguay und Brasilien"},"content":{"rendered":"<h4 id=\"watch-headline-title\">Talentos &#8211; Duo Siqueira Lima<\/h4>\n<p>Eine TV-Sendung aus Brasilien mit dem <strong>Gitarren-Duo Siqueira Lima<\/strong>. Das Duo spielt ein vielseitiges Repertoir aus typisch brasilianischer Musik und klassischer Gitarrenmusik. In diesem Programm liegt der Schwerpunkt allerdings auf den brasilianischen St\u00fccken. So ist ein St\u00fcck von Baden Powell zu h\u00f6ren, Um a Zero von Pixinguinha, aber auch St\u00fccke von Astor Pizzolla, Andrew York und anderen.<\/p>\n<p>Fernando Lima und Cecilia Siqueira spielen seit 2002 zusammen, damals hatten sie sich bei einem Gitarrenwettbewerb in Brasilien kennen gelernt, bei dem sie sich den 1. Preis teilten.<\/p>\n<p>Ein interessantes Programm, fantastisch gespielt. Dieses Duo spielt mit viel Energie, aber auch mit viel Gef\u00fchl und Musikalit\u00e4t. Die Bild- und Tonqualit\u00e4t der Videos ist nicht so gut, aber trotzdem gefallen mir diese Aufnahmen sehr.<\/p>\n<blockquote><p>&#8222;Eles est\u00e3o sendo considerados um novo fen\u00f4meno do viol\u00e3o brasileiro. Com uma mistura de t\u00e9cnica perfeita, repertorio infal\u00edvel e muito carisma, Fernando Lima e Cecilia Siqueira ganha admiradores por onde passam&#8220;. (Revista &#8222;Viol\u00e3o Pro&#8220; -S\u00e3o Paulo 2007).<\/p>\n<p>O trabalho do Duo Siqueira Lima est\u00e1 atraindo a aten\u00e7\u00e3o de m\u00fasicos e cr\u00edticos do Brasil e do exterior por sua originalidade, musicalidade e versatilidade. Desde seu in\u00edcio, no ano de 2002, a id\u00e9ia principal foi criar uma sonoridade pr\u00f3pria e um repert\u00f3rio diferenciado, tendo como principal fonte de pesquisa a m\u00fasica Latino-americana, sobre tudo a do Brasil.<\/p>\n<p>Nestes seis anos de trabalho gravaram dois discos: &#8222;Tudo ConCorda&#8220; (2003), com repert\u00f3rio variado, do barroco ao s\u00e9culo XX e &#8222;Lado a Lado&#8220; (2006), dedicado \u00e0 m\u00fasica brasileira, com arranjos in\u00e9ditos de compositores como Pixinguinha, Valdir Azevedo, C\u00e9sar Camargo Mariano, Dominguinhos e Jo\u00e3o Bosco, entre outros. Este \u00e1lbum foi lan\u00e7ado em Dublin (Irlanda) no &#8222;Festival of World Cultures&#8220;, onde se apresentaram m\u00fasicos de mais de 50 nacionalidades.<\/p>\n<p>A carreira internacional iniciou em 2003, e desde ent\u00e3o o duo se apresenta com freq\u00fc\u00eancia por quase toda Europa, j\u00e1 havendo visitado pa\u00edses como Espanha, It\u00e1lia, Inglaterra, Fran\u00e7a, Irlanda, \u00c1ustria, Su\u00ed\u00e7a, Hungria, Pol\u00f4nia, Ucr\u00e2nia, Bielor\u00fassia e R\u00fassia. Em novembro de 2007 realizaram seu Debut no National Concert Hall em Dublin-Irlanda e no Cultural Arts Center em S\u00e3o Petersburgo-R\u00fassia.<\/p>\n<p>Segundo os cr\u00edticos da revista Russa O Mundo do Viol\u00e3o, &#8222;O duo Siqueira Lima abrilhantou o festival com o ritmo contagiante dos povos da Am\u00e9rica Latina. S\u00e3o grandes artistas do viol\u00e3o, executam as obras com maestria, gra\u00e7a, e um incompar\u00e1vel senso art\u00edstico. Excepcionais&#8220;. J\u00e1 o jornal franc\u00eas La Semaine, diz: &#8222;Momento de Grande emo\u00e7\u00e3o. O p\u00fablico presente pode ouvir m\u00fasica cl\u00e1ssica, jazz e temas brasileiros, o que provocou aplausos, de p\u00e9, por v\u00e1rios minutos&#8230;&#8220;.<\/p>\n<p>T\u00edtulo: Talentos<br \/>\nAutor: TV C\u00e2mara<br \/>\nCategoria: M\u00fasica<br \/>\nIdioma: Portugu\u00eas<br \/>\nPa\u00eds: Brasil<\/p><\/blockquote>\n<p>Das beschriebene Konzert ist nicht mehr verf\u00fcgbar &#8211; folgende St\u00fccke wurden gespielt &#8211; ich habe Videos des Duos Siquera Lima in einer Playliste gesammelt, dort findet man diese St\u00fccke ebenfalls:<\/p>\n<ul>\n<li>Berimbau &#8211; Baden Powell<\/li>\n<li>Cristal &#8211; Cesar Camargo Mariano<\/li>\n<li>Andre de Sapato Novo &#8211; Andr\u00e9 Victor Correia<\/li>\n<li>Um a Zero &#8211; Pixinguinha<\/li>\n<li>Sunburst &#8211; Andrew York<\/li>\n<li>Walzer Op. 8 Nr. 3 &#8211; Agustin Barrios (Gitarre Solo &#8211; Fernando Lima)<\/li>\n<li id=\"watch-headline-title\">Lado a Lado &#8211; Gilson Peranzzetta (Bearb. F. Lima)<\/li>\n<li>Invierno Porte\u00f1o &#8211; Astor Piazzolla\u00a0 (arr. Sergio Assad)<\/li>\n<li>Chorinho pro Miudinho &#8211; Douglas Marcolino<\/li>\n<li>Fuga pro Nordeste &#8211; Dominguinhos<\/li>\n<li id=\"watch-headline-title\">Contrato de Separa\u00e7\u00e3o &#8211; Dominguinhos<\/li>\n<li>Tico Tico no Fuba &#8211; Zequinha de Abreu &#8211; &#8222;four hands &#8211; one guitar&#8220;<\/li>\n<li id=\"watch-headline-title\">Rosamundo &#8211; Jo\u00e3o Bosco<\/li>\n<\/ul>\n<div class=\"ast-oembed-container \" style=\"height: 100%;\"><iframe loading=\"lazy\" title=\"Duo Siqueira Lima\" width=\"500\" height=\"375\" src=\"https:\/\/www.youtube.com\/embed\/fqrt4FYrrWw?feature=oembed\" frameborder=\"0\" allow=\"accelerometer; autoplay; clipboard-write; encrypted-media; gyroscope; picture-in-picture; web-share\" referrerpolicy=\"strict-origin-when-cross-origin\" allowfullscreen><\/iframe><\/div>\n<h4>Playliste Duo Siquera-Lima<\/h4>\n<div class=\"ast-oembed-container \" style=\"height: 100%;\"><iframe loading=\"lazy\" title=\"Duo Siqueira Lima - Guitar Duo\" width=\"500\" height=\"281\" src=\"https:\/\/www.youtube.com\/embed\/videoseries?list=PLC878J8mcBo9WDwobbdcwn5uPzXr6nzsa\" frameborder=\"0\" allow=\"accelerometer; autoplay; clipboard-write; encrypted-media; gyroscope; picture-in-picture; web-share\" referrerpolicy=\"strict-origin-when-cross-origin\" allowfullscreen><\/iframe><\/div>\n<h4>Weitere Informationen<\/h4>\n<p><a href=\"https:\/\/www.siqueiralima.com\/\" target=\"_blank\" rel=\"noopener\">Website Duo Siqueira Lima<\/a><\/p>\n<p><a href=\"https:\/\/www.youtube.com\/channel\/UCuNHa3carl9xvIgVqVhJc0w\" target=\"_blank\" rel=\"noopener\">Youtube Kanal Duo Siqueira Lima<\/a><\/p>\n<p>Youtube Channel mit weiteren Videos, darunter drei guten neuen Videos mit Werken von Scarlatti und H\u00e4ndel:<\/p>\n<ul>\n<li><a href=\"http:\/\/www.youtube.com\/user\/lasibila07\/videos\" target=\"_blank\" rel=\"noopener\">http:\/\/www.youtube.com\/user\/lasibila07\/videos<\/a><\/li>\n<\/ul>\n<p>Homepage Cesar Camargo Mariano: <a href=\"http:\/\/www.cesarcamargomariano.com\/\" target=\"_blank\" rel=\"noopener\">http:\/\/www.cesarcamargomariano.com\/<\/a><\/p>\n<p>Noten f\u00fcr Andre de Sapato Novo f\u00fcr 7-saitige Gitarre: <a href=\"http:\/\/partiturassetecordas.blogspot.com\/2011\/05\/andre-de-sapato-novo-andre-victor.html\" target=\"_blank\" rel=\"noopener\">http:\/\/partiturassetecordas.blogspot.com\/2011\/05\/andre-de-sapato-novo-andre-victor.html<\/a><\/p>\n<p>Noten von Agustin Barrios bei Delcamp.net: <a href=\"http:\/\/www.guitarraclasicadelcamp.com\/partituras\/agustinbarriosmangore.html\" target=\"_blank\" rel=\"noopener\">http:\/\/www.guitarraclasicadelcamp.com\/partituras\/agustinbarriosmangore.html<\/a><\/p>\n","protected":false},"excerpt":{"rendered":"<p>Talentos &#8211; Duo Siqueira Lima Eine TV-Sendung aus Brasilien mit dem Gitarren-Duo Siqueira Lima. Das Duo spielt ein vielseitiges Repertoir [&hellip;]<\/p>\n","protected":false},"author":1,"featured_media":13172,"comment_status":"closed","ping_status":"closed","sticky":false,"template":"","format":"standard","meta":{"site-sidebar-layout":"default","site-content-layout":"","ast-site-content-layout":"","site-content-style":"default","site-sidebar-style":"default","ast-global-header-display":"","ast-banner-title-visibility":"","ast-main-header-display":"","ast-hfb-above-header-display":"","ast-hfb-below-header-display":"","ast-hfb-mobile-header-display":"","site-post-title":"","ast-breadcrumbs-content":"","ast-featured-img":"","footer-sml-layout":"","theme-transparent-header-meta":"","adv-header-id-meta":"","stick-header-meta":"","header-above-stick-meta":"","header-main-stick-meta":"","header-below-stick-meta":"","astra-migrate-meta-layouts":"default","ast-page-background-enabled":"default","ast-page-background-meta":{"desktop":{"background-color":"var(--ast-global-color-4)","background-image":"","background-repeat":"repeat","background-position":"center center","background-size":"auto","background-attachment":"scroll","background-type":"","background-media":"","overlay-type":"","overlay-color":"","overlay-opacity":"","overlay-gradient":""},"tablet":{"background-color":"","background-image":"","background-repeat":"repeat","background-position":"center center","background-size":"auto","background-attachment":"scroll","background-type":"","background-media":"","overlay-type":"","overlay-color":"","overlay-opacity":"","overlay-gradient":""},"mobile":{"background-color":"","background-image":"","background-repeat":"repeat","background-position":"center center","background-size":"auto","background-attachment":"scroll","background-type":"","background-media":"","overlay-type":"","overlay-color":"","overlay-opacity":"","overlay-gradient":""}},"ast-content-background-meta":{"desktop":{"background-color":"var(--ast-global-color-5)","background-image":"","background-repeat":"repeat","background-position":"center center","background-size":"auto","background-attachment":"scroll","background-type":"","background-media":"","overlay-type":"","overlay-color":"","overlay-opacity":"","overlay-gradient":""},"tablet":{"background-color":"var(--ast-global-color-5)","background-image":"","background-repeat":"repeat","background-position":"center center","background-size":"auto","background-attachment":"scroll","background-type":"","background-media":"","overlay-type":"","overlay-color":"","overlay-opacity":"","overlay-gradient":""},"mobile":{"background-color":"var(--ast-global-color-5)","background-image":"","background-repeat":"repeat","background-position":"center center","background-size":"auto","background-attachment":"scroll","background-type":"","background-media":"","overlay-type":"","overlay-color":"","overlay-opacity":"","overlay-gradient":""}},"jetpack_post_was_ever_published":false,"_jetpack_newsletter_access":"","_jetpack_dont_email_post_to_subs":true,"_jetpack_newsletter_tier_id":0,"_jetpack_memberships_contains_paywalled_content":false,"_jetpack_memberships_contains_paid_content":false,"footnotes":"","jetpack_publicize_message":"","jetpack_publicize_feature_enabled":true,"jetpack_social_post_already_shared":false,"jetpack_social_options":{"image_generator_settings":{"template":"highway","enabled":false},"version":2}},"categories":[496],"tags":[22,155,12,237],"class_list":["post-6843","post","type-post","status-publish","format-standard","has-post-thumbnail","hentry","category-gitarrenduo","tag-brasilien","tag-duo","tag-gitarre","tag-gitarrenduo"],"jetpack_publicize_connections":[],"jetpack_featured_media_url":"https:\/\/i0.wp.com\/www.gezupftes.de\/wp-content\/uploads\/2012\/02\/duo-siquera-lima-gitarre.jpg?fit=720%2C479&ssl=1","jetpack_shortlink":"https:\/\/wp.me\/pI0aV-1Mn","jetpack_sharing_enabled":true,"_links":{"self":[{"href":"https:\/\/www.gezupftes.de\/index.php?rest_route=\/wp\/v2\/posts\/6843","targetHints":{"allow":["GET"]}}],"collection":[{"href":"https:\/\/www.gezupftes.de\/index.php?rest_route=\/wp\/v2\/posts"}],"about":[{"href":"https:\/\/www.gezupftes.de\/index.php?rest_route=\/wp\/v2\/types\/post"}],"author":[{"embeddable":true,"href":"https:\/\/www.gezupftes.de\/index.php?rest_route=\/wp\/v2\/users\/1"}],"replies":[{"embeddable":true,"href":"https:\/\/www.gezupftes.de\/index.php?rest_route=%2Fwp%2Fv2%2Fcomments&post=6843"}],"version-history":[{"count":19,"href":"https:\/\/www.gezupftes.de\/index.php?rest_route=\/wp\/v2\/posts\/6843\/revisions"}],"predecessor-version":[{"id":13180,"href":"https:\/\/www.gezupftes.de\/index.php?rest_route=\/wp\/v2\/posts\/6843\/revisions\/13180"}],"wp:featuredmedia":[{"embeddable":true,"href":"https:\/\/www.gezupftes.de\/index.php?rest_route=\/wp\/v2\/media\/13172"}],"wp:attachment":[{"href":"https:\/\/www.gezupftes.de\/index.php?rest_route=%2Fwp%2Fv2%2Fmedia&parent=6843"}],"wp:term":[{"taxonomy":"category","embeddable":true,"href":"https:\/\/www.gezupftes.de\/index.php?rest_route=%2Fwp%2Fv2%2Fcategories&post=6843"},{"taxonomy":"post_tag","embeddable":true,"href":"https:\/\/www.gezupftes.de\/index.php?rest_route=%2Fwp%2Fv2%2Ftags&post=6843"}],"curies":[{"name":"wp","href":"https:\/\/api.w.org\/{rel}","templated":true}]}}