{"id":7486,"date":"2012-09-08T08:29:46","date_gmt":"2012-09-08T07:29:46","guid":{"rendered":"http:\/\/www.gezupftes.de\/?p=7486"},"modified":"2018-01-17T15:15:55","modified_gmt":"2018-01-17T14:15:55","slug":"entdecke-die-musik-brasiliens-brazilian-music-day-7-september-2012-choro","status":"publish","type":"post","link":"https:\/\/www.gezupftes.de\/?p=7486","title":{"rendered":"Entdecke die Musik Brasiliens &#8211; Brazilian Music Day 7. September 2012 &#8211; Choro"},"content":{"rendered":"<p>Gestern war der <strong>Brazilian Music Day<\/strong> &#8211; und gleichzeitig der <a href=\"http:\/\/de.wikipedia.org\/wiki\/Brasilianische_Unabh%C3%A4ngigkeitsbewegung\" target=\"_blank\" rel=\"noopener\">Brasilianische Unabh\u00e4ngigkeitstag<\/a>.<\/p>\n<p><a href=\"http:\/\/www.brazilianmusicday.org\/\" target=\"_blank\" rel=\"noopener\"><img data-recalc-dims=\"1\" loading=\"lazy\" decoding=\"async\" class=\"alignnone\" style=\"border: 2px solid black; margin: 2px;\" src=\"https:\/\/i0.wp.com\/www.mandoisland.de\/weblogbilder2012\/brazilian_music_day_2012.jpg?resize=225%2C225\" alt=\"\" width=\"225\" height=\"225\" \/><\/a><\/p>\n<p>Das <a href=\"http:\/\/www.arcmusic.org\" target=\"_blank\" rel=\"noopener\">Archive of Contemporary Music<\/a> hat zu diesem <strong>Brazilian Music Day<\/strong> aufgerufen und viele Veranstaltungen mit der und \u00fcber die Musik Brasiliens angeregt. Das Ergebnis ist eine <a href=\"http:\/\/www.brazilianmusicday.org\/\" target=\"_blank\" rel=\"noopener\">Website mit umfassenden Informationen \u00fcber die Musik Brasiliens<\/a>.<\/p>\n<p>Hier findet man eine riesige Liste mit Brasilianischen Musikern, Websites, Blogs, Radiostationen, Instituten &#8211; fast alles was mit brasilianischer Musik zu tun hat ist hier zu finden. Im youtube Kanal f\u00fcr den Brazilian Music Day wurden Playlisten mit vielen Musikern angelegt. Dort habe ich die brasilianische Supergroup <strong>Grupo Revela\u00e7\u00e3o<\/strong> <a id=\"watch-headline-show-title\" href=\"http:\/\/www.youtube.com\/artist\/Grupo_Revela%C3%A7%C3%A3o?feature=watch_video_title\"><\/a>entdeckt &#8211; mit Cavaquinho und Cavaco Banjo und den typisch brasilianischen Perkussionsinstrumenten, und einem tollen S\u00e4nger:<\/p>\n<h4 id=\"watch-headline-title\">Grupo Revela\u00e7\u00e3o &#8211; T\u00e1 Escrito (Ao Vivo no Morro)<\/h4>\n<p>youtube Kanal: <a id=\"watch-headline-show-title\" href=\"http:\/\/www.youtube.com\/artist\/Grupo_Revela%C3%A7%C3%A3o?feature=watch_video_title\" target=\"_blank\" rel=\"noopener\">Grupo Revela\u00e7\u00e3o<\/a><\/p>\n<div class=\"ast-oembed-container \" style=\"height: 100%;\"><iframe loading=\"lazy\" title=\"Grupo Revela\u00e7\u00e3o - T\u00e1 Escrito (Ao Vivo no Morro)\" width=\"500\" height=\"281\" src=\"https:\/\/www.youtube.com\/embed\/09_s_Kh8sls?feature=oembed\" frameborder=\"0\" allow=\"accelerometer; autoplay; clipboard-write; encrypted-media; gyroscope; picture-in-picture; web-share\" referrerpolicy=\"strict-origin-when-cross-origin\" allowfullscreen><\/iframe><\/div>\n<h4>SOASRADIO Podcast \u00fcber Choro<\/h4>\n<p>Ein zweist\u00fcndiger Podcast mit viel Choro Musik<\/p>\n<ul>\n<li><a href=\"http:\/\/soasradio.org\/content\/cas-309-choro\" target=\"_blank\" rel=\"noopener\">http:\/\/soasradio.org\/content\/cas-309-choro<\/a><\/li>\n<\/ul>\n<p>Ich kann jedem der sich f\u00fcr Brasilianische Musik interessiert empfehlen die Website des Brazilian Music Day zu besuchen.<\/p>\n<p>Zum Schluss noch ein Film \u00fcber die Musik und Musiker Brasiliens:<\/p>\n<div class=\"ast-oembed-container \" style=\"height: 100%;\"><iframe loading=\"lazy\" title=\"Industria Brasileira (Made In Brasil): The Movie Pt. 1\" src=\"https:\/\/player.vimeo.com\/video\/46909033?dnt=1&amp;app_id=122963\" width=\"500\" height=\"333\" frameborder=\"0\" allow=\"autoplay; fullscreen; picture-in-picture; clipboard-write; encrypted-media\"><\/iframe><\/div>\n<p><span style=\"border-radius: 2px; text-indent: 20px; width: auto; padding: 0px 4px 0px 0px; text-align: center; font: bold 11px\/20px 'Helvetica Neue',Helvetica,sans-serif; color: #ffffff; background: #bd081c  no-repeat scroll 3px 50% \/ 14px 14px; position: absolute; opacity: 1; z-index: 8675309; display: none; cursor: pointer; top: 76px; left: 22px;\">Merken<\/span><\/p>\n","protected":false},"excerpt":{"rendered":"<p>Gestern war der Brazilian Music Day &#8211; und gleichzeitig der Brasilianische Unabh\u00e4ngigkeitstag. Das Archive of Contemporary Music hat zu diesem [&hellip;]<\/p>\n","protected":false},"author":1,"featured_media":13932,"comment_status":"closed","ping_status":"closed","sticky":false,"template":"","format":"standard","meta":{"site-sidebar-layout":"default","site-content-layout":"","ast-site-content-layout":"","site-content-style":"default","site-sidebar-style":"default","ast-global-header-display":"","ast-banner-title-visibility":"","ast-main-header-display":"","ast-hfb-above-header-display":"","ast-hfb-below-header-display":"","ast-hfb-mobile-header-display":"","site-post-title":"","ast-breadcrumbs-content":"","ast-featured-img":"","footer-sml-layout":"","theme-transparent-header-meta":"","adv-header-id-meta":"","stick-header-meta":"","header-above-stick-meta":"","header-main-stick-meta":"","header-below-stick-meta":"","astra-migrate-meta-layouts":"default","ast-page-background-enabled":"default","ast-page-background-meta":{"desktop":{"background-color":"var(--ast-global-color-4)","background-image":"","background-repeat":"repeat","background-position":"center center","background-size":"auto","background-attachment":"scroll","background-type":"","background-media":"","overlay-type":"","overlay-color":"","overlay-opacity":"","overlay-gradient":""},"tablet":{"background-color":"","background-image":"","background-repeat":"repeat","background-position":"center center","background-size":"auto","background-attachment":"scroll","background-type":"","background-media":"","overlay-type":"","overlay-color":"","overlay-opacity":"","overlay-gradient":""},"mobile":{"background-color":"","background-image":"","background-repeat":"repeat","background-position":"center center","background-size":"auto","background-attachment":"scroll","background-type":"","background-media":"","overlay-type":"","overlay-color":"","overlay-opacity":"","overlay-gradient":""}},"ast-content-background-meta":{"desktop":{"background-color":"var(--ast-global-color-5)","background-image":"","background-repeat":"repeat","background-position":"center center","background-size":"auto","background-attachment":"scroll","background-type":"","background-media":"","overlay-type":"","overlay-color":"","overlay-opacity":"","overlay-gradient":""},"tablet":{"background-color":"var(--ast-global-color-5)","background-image":"","background-repeat":"repeat","background-position":"center center","background-size":"auto","background-attachment":"scroll","background-type":"","background-media":"","overlay-type":"","overlay-color":"","overlay-opacity":"","overlay-gradient":""},"mobile":{"background-color":"var(--ast-global-color-5)","background-image":"","background-repeat":"repeat","background-position":"center center","background-size":"auto","background-attachment":"scroll","background-type":"","background-media":"","overlay-type":"","overlay-color":"","overlay-opacity":"","overlay-gradient":""}},"jetpack_post_was_ever_published":false,"_jetpack_newsletter_access":"","_jetpack_dont_email_post_to_subs":false,"_jetpack_newsletter_tier_id":0,"_jetpack_memberships_contains_paywalled_content":false,"_jetpack_memberships_contains_paid_content":false,"footnotes":"","jetpack_publicize_message":"","jetpack_publicize_feature_enabled":true,"jetpack_social_post_already_shared":false,"jetpack_social_options":{"image_generator_settings":{"template":"highway","enabled":false},"version":2}},"categories":[467],"tags":[22,27,127],"class_list":["post-7486","post","type-post","status-publish","format-standard","has-post-thumbnail","hentry","category-choro","tag-brasilien","tag-choro","tag-podcast"],"jetpack_publicize_connections":[],"jetpack_featured_media_url":"https:\/\/i0.wp.com\/www.gezupftes.de\/wp-content\/uploads\/2012\/09\/brazilian-music-day-03.jpg?fit=590%2C475&ssl=1","jetpack_shortlink":"https:\/\/wp.me\/pI0aV-1WK","jetpack_sharing_enabled":true,"_links":{"self":[{"href":"https:\/\/www.gezupftes.de\/index.php?rest_route=\/wp\/v2\/posts\/7486","targetHints":{"allow":["GET"]}}],"collection":[{"href":"https:\/\/www.gezupftes.de\/index.php?rest_route=\/wp\/v2\/posts"}],"about":[{"href":"https:\/\/www.gezupftes.de\/index.php?rest_route=\/wp\/v2\/types\/post"}],"author":[{"embeddable":true,"href":"https:\/\/www.gezupftes.de\/index.php?rest_route=\/wp\/v2\/users\/1"}],"replies":[{"embeddable":true,"href":"https:\/\/www.gezupftes.de\/index.php?rest_route=%2Fwp%2Fv2%2Fcomments&post=7486"}],"version-history":[{"count":10,"href":"https:\/\/www.gezupftes.de\/index.php?rest_route=\/wp\/v2\/posts\/7486\/revisions"}],"predecessor-version":[{"id":13931,"href":"https:\/\/www.gezupftes.de\/index.php?rest_route=\/wp\/v2\/posts\/7486\/revisions\/13931"}],"wp:featuredmedia":[{"embeddable":true,"href":"https:\/\/www.gezupftes.de\/index.php?rest_route=\/wp\/v2\/media\/13932"}],"wp:attachment":[{"href":"https:\/\/www.gezupftes.de\/index.php?rest_route=%2Fwp%2Fv2%2Fmedia&parent=7486"}],"wp:term":[{"taxonomy":"category","embeddable":true,"href":"https:\/\/www.gezupftes.de\/index.php?rest_route=%2Fwp%2Fv2%2Fcategories&post=7486"},{"taxonomy":"post_tag","embeddable":true,"href":"https:\/\/www.gezupftes.de\/index.php?rest_route=%2Fwp%2Fv2%2Ftags&post=7486"}],"curies":[{"name":"wp","href":"https:\/\/api.w.org\/{rel}","templated":true}]}}