{"id":8029,"date":"2013-01-10T21:24:26","date_gmt":"2013-01-10T20:24:26","guid":{"rendered":"http:\/\/www.gezupftes.de\/?p=8029"},"modified":"2017-11-09T14:21:03","modified_gmt":"2017-11-09T13:21:03","slug":"waldir-azevedo-meister-des-cavaquinho-roda-de-choro-podcast-radio-mec","status":"publish","type":"post","link":"https:\/\/www.gezupftes.de\/?p=8029","title":{"rendered":"Waldir Azevedo &#8211; Meister des Cavaquinho &#8211; Roda de Choro Podcast (Radio MEC)"},"content":{"rendered":"<p>Die letzten vier Ausgaben des &#8222;Roda de Choro&#8220; Podcasts des brasilianischen Radiosenders MEC waren der Musik von <strong>Waldir Azevedo<\/strong> gewidmet. Das ist eine tolle Gelegenheit etwa drei Stunden mit Musik von Waldir Azevedo herunterzuladen, mit Aufnahmen die zwischen 1957 und 1979 entstanden sind.<\/p>\n<p>Waldir Azevedo war einer der wichtigsten Komponisten von Choros in Brasilien, er hat die bekannten St\u00fccke <strong>Brasileirinho<\/strong>, <strong>Delicado<\/strong> und <strong>Pedacoinhos do Ceu<\/strong> komponiert. Waldir Azevedo war der erste Spieler der das <strong>Cavaquinho<\/strong> nicht nur als Begleitinstrument, sondern als Solo-Instrument verwendet hat.<\/p>\n<p>Wikipedia <a href=\"http:\/\/de.wikipedia.org\/wiki\/Waldir_Azevedo\" target=\"_blank\" rel=\"noopener\">http:\/\/de.wikipedia.org\/wiki\/Waldir_Azevedo<\/a><\/p>\n<blockquote><p>Waldir Azevedo wuchs im Stadtteil Piedade von Rio de Janeiro auf und erlernte schon in jungen Jahren die Instrumente <a title=\"Querfl\u00f6te\" href=\"http:\/\/de.wikipedia.org\/wiki\/Querfl%C3%B6te\">Querfl\u00f6te<\/a>, <a title=\"Gitarre\" href=\"http:\/\/de.wikipedia.org\/wiki\/Gitarre\">Gitarre<\/a>, <a title=\"Mandoline\" href=\"http:\/\/de.wikipedia.org\/wiki\/Mandoline\">Mandoline<\/a> und <a title=\"Cavaquinho\" href=\"http:\/\/de.wikipedia.org\/wiki\/Cavaquinho\">Cavaquinho<\/a>. An seinem 22. Geburtstag heiratete er Olinda Barbosa. Waldir Azevedo arbeitete zun\u00e4chst als Angestellter, gab dies aber 1945 auf, um Berufsmusiker zu werden und sich ganz dem Cavaquinho zu widmen.<\/p>\n<p>1948 unterschrieb Waldir Azevedo einen Vertrag mit der brasilianischen Schallplattenfirma <a title=\"Discos Continental (Seite nicht vorhanden)\" href=\"http:\/\/de.wikipedia.org\/w\/index.php?title=Discos_Continental&amp;action=edit&amp;redlink=1\">Discos Continental<\/a>. Ende 1949 erschien seine erste Schallplatte mit der Komposition <em>Brasileirinho<\/em>, welche zu einem Welterfolg wurde. Neben <em>Brasileirinho<\/em> z\u00e4hlen <em>Delicado<\/em> und <em>Pedacinhos do C\u00e9u<\/em> zu seinen gr\u00f6\u00dften Erfolgen. In den folgenden Jahren unternahm Waldir Azevedo sehr erfolgreiche Konzertreisen durch viele L\u00e4nder rund um den Erdball.<\/p><\/blockquote>\n<p>Die Choro Podcasts von Radio MEC gibt es auf der folgenden Seite:<\/p>\n<p><a href=\"http:\/\/radiomec.com.br\/rodadechoro\/podcast\/\" target=\"_blank\" rel=\"noopener\">http:\/\/radiomec.com.br\/rodadechoro\/podcast\/<\/a><\/p>\n<p>Die Hauptseite f\u00fcr die Serie &#8222;Roda de Choro&#8220; ist:<\/p>\n<p><a href=\"http:\/\/radiomec.com.br\/rodadechoro\/\" target=\"_blank\" rel=\"noopener\">http:\/\/radiomec.com.br\/rodadechoro\/<\/a><\/p>\n<p>Ich habe screenshots mit den Programmhinweisen zu den vier Sendungen gemacht damit man die gespielten St\u00fccke mitverfolgen kann:<\/p>\n<h4 style=\"text-align: center;\">Part 1 &#8211; Nov. 6, 2012<\/h4>\n<p style=\"text-align: center;\"><img data-recalc-dims=\"1\" loading=\"lazy\" decoding=\"async\" class=\"aligncenter\" style=\"border: 2px solid black; margin-top: 11px; margin-bottom: 11px;\" src=\"https:\/\/i0.wp.com\/www.mandoisland.de\/weblogbilder2012\/waldir_azevedo_01.jpg?resize=482%2C431\" alt=\"\" width=\"482\" height=\"431\" \/><\/p>\n<h4 style=\"text-align: center;\">Part 2, Nov. 13, 2012<\/h4>\n<p style=\"text-align: center;\"><img data-recalc-dims=\"1\" loading=\"lazy\" decoding=\"async\" class=\"aligncenter\" style=\"border: 2px solid black; margin-top: 11px; margin-bottom: 11px;\" src=\"https:\/\/i0.wp.com\/www.mandoisland.de\/weblogbilder2012\/waldir_azevedo_02.jpg?resize=483%2C372\" alt=\"\" width=\"483\" height=\"372\" \/><\/p>\n<p><!--more--><\/p>\n<h4 style=\"text-align: center;\">Part 3, Nov. 20, 2012 (leider nicht als Podcast verf\u00fcgbar)<\/h4>\n<p style=\"text-align: center;\"><img data-recalc-dims=\"1\" loading=\"lazy\" decoding=\"async\" class=\"aligncenter\" style=\"border: 2px solid black; margin-top: 11px; margin-bottom: 11px;\" src=\"https:\/\/i0.wp.com\/www.mandoisland.de\/weblogbilder2012\/waldir_azevedo_03.jpg?resize=513%2C523\" alt=\"\" width=\"513\" height=\"523\" \/><\/p>\n<h4 style=\"text-align: center;\">Part 4, Nov. 27, 2012<\/h4>\n<p>Am Ende dieses Podcast ist eine tolle Auff\u00fchrung von <strong>Pedacinhos do C\u00e9u<\/strong> zu h\u00f6ren, gespielt von Arthur Moreira Lima, Paulo Moura und Celso Machado<\/p>\n<p style=\"text-align: center;\"><img data-recalc-dims=\"1\" loading=\"lazy\" decoding=\"async\" class=\"aligncenter\" style=\"border: 2px solid black; margin-top: 11px; margin-bottom: 11px;\" src=\"https:\/\/i0.wp.com\/www.mandoisland.de\/weblogbilder2012\/waldir_azevedo_04.jpg?resize=511%2C663\" alt=\"\" width=\"511\" height=\"663\" \/><\/p>\n<p style=\"text-align: left;\">Ich habe eine Playlist mit Videos von Waldir Azevedo erstellt:<\/p>\n<h4 style=\"text-align: left;\">Playlist Waldir Azevedo<\/h4>\n<div class=\"ast-oembed-container \" style=\"height: 100%;\"><iframe loading=\"lazy\" title=\"Waldir Azevedo - Cavaquinho - Brazilian Choro\" width=\"500\" height=\"281\" src=\"https:\/\/www.youtube.com\/embed\/videoseries?list=PLC878J8mcBo-B-OeuUGVM4fvNswyhfW6F\" frameborder=\"0\" allow=\"accelerometer; autoplay; clipboard-write; encrypted-media; gyroscope; picture-in-picture; web-share\" referrerpolicy=\"strict-origin-when-cross-origin\" allowfullscreen><\/iframe><\/div>\n<h4>Weitere Informationen<\/h4>\n<p>Tolle Website \u00fcber <strong>Waldir Azevedo<\/strong> &#8211; mit vielen Informationen, Bildern, Diskographie und einigen interessanten Original-Videos: <a href=\"http:\/\/www.waldirazevedo.com.br\/\" target=\"_blank\" rel=\"noopener\">http:\/\/www.waldirazevedo.com.br\/<\/a><\/p>\n<p>Waldir Azevedo Biographie (engl.): <a href=\"http:\/\/www.artistdirect.com\/artist\/bio\/waldir-azevedo\/570693\" target=\"_blank\" rel=\"noopener\">http:\/\/www.artistdirect.com\/artist\/bio\/waldir-azevedo\/570693<\/a><\/p>\n<p>Artikel im Choro Blog \u00fcber das Cavaquinho und Waldir Azevedo:<\/p>\n<p><a href=\"http:\/\/keepswinging.blogspot.de\/2006\/11\/cavaquinho.html\" target=\"_blank\" rel=\"noopener\">http:\/\/keepswinging.blogspot.de\/2006\/11\/cavaquinho.html<\/a><\/p>\n<p><a href=\"http:\/\/keepswinging.blogspot.de\/2007\/01\/tributo-waldir-azevedo.html\" target=\"_blank\" rel=\"noopener\">http:\/\/keepswinging.blogspot.de\/2007\/01\/tributo-waldir-azevedo.htm<\/a>l<\/p>\n<p>Verwandte Artikel in meinem Blog:<\/p>\n<ul>\n<li>\u00a0<a title=\"Permanent Link to Avena de Castro \u2013 Die Zither im Brasilianischen Choro\" href=\"http:\/\/www.gezupftes.de\/?p=7698\" rel=\"bookmark\">Avena de Castro \u2013 Die Zither im Brasilianischen Choro<\/a><\/li>\n<li>\u00a0<a title=\"Permanent Link to Entdecke die Musik Brasiliens \u2013 Brazilian Music Day 7. September 2012 \u2013 Choro\" href=\"http:\/\/www.gezupftes.de\/?p=7486\" rel=\"bookmark\">Entdecke die Musik Brasiliens \u2013 Brazilian Music Day 7. September 2012 \u2013 Choro<\/a><\/li>\n<li>\u00a0<a title=\"Permanent Link to Das Orchester Bandolineiras de Oeiras \u2013 5 Damen zwischen 78 und 85 spielen tolle Brasilianische Musik\" href=\"http:\/\/www.gezupftes.de\/?p=6877\" rel=\"bookmark\">Das Orchester Bandolineiras de Oeiras \u2013 5 Damen zwischen 78 und 85 spielen tolle Brasilianische Musik<\/a><\/li>\n<\/ul>\n<p><span style=\"border-radius: 2px; text-indent: 20px; width: auto; padding: 0px 4px 0px 0px; text-align: center; font: bold 11px\/20px 'Helvetica Neue',Helvetica,sans-serif; color: #ffffff; background: #bd081c  no-repeat scroll 3px 50% \/ 14px 14px; position: absolute; opacity: 1; z-index: 8675309; display: none; cursor: pointer; top: 2337px; left: 305px;\">Merken<\/span><\/p>\n","protected":false},"excerpt":{"rendered":"<p>Die letzten vier Ausgaben des &#8222;Roda de Choro&#8220; Podcasts des brasilianischen Radiosenders MEC waren der Musik von Waldir Azevedo gewidmet. [&hellip;]<\/p>\n","protected":false},"author":1,"featured_media":13484,"comment_status":"closed","ping_status":"closed","sticky":false,"template":"","format":"standard","meta":{"site-sidebar-layout":"default","site-content-layout":"","ast-site-content-layout":"","site-content-style":"default","site-sidebar-style":"default","ast-global-header-display":"","ast-banner-title-visibility":"","ast-main-header-display":"","ast-hfb-above-header-display":"","ast-hfb-below-header-display":"","ast-hfb-mobile-header-display":"","site-post-title":"","ast-breadcrumbs-content":"","ast-featured-img":"","footer-sml-layout":"","theme-transparent-header-meta":"","adv-header-id-meta":"","stick-header-meta":"","header-above-stick-meta":"","header-main-stick-meta":"","header-below-stick-meta":"","astra-migrate-meta-layouts":"default","ast-page-background-enabled":"default","ast-page-background-meta":{"desktop":{"background-color":"var(--ast-global-color-4)","background-image":"","background-repeat":"repeat","background-position":"center center","background-size":"auto","background-attachment":"scroll","background-type":"","background-media":"","overlay-type":"","overlay-color":"","overlay-opacity":"","overlay-gradient":""},"tablet":{"background-color":"","background-image":"","background-repeat":"repeat","background-position":"center center","background-size":"auto","background-attachment":"scroll","background-type":"","background-media":"","overlay-type":"","overlay-color":"","overlay-opacity":"","overlay-gradient":""},"mobile":{"background-color":"","background-image":"","background-repeat":"repeat","background-position":"center center","background-size":"auto","background-attachment":"scroll","background-type":"","background-media":"","overlay-type":"","overlay-color":"","overlay-opacity":"","overlay-gradient":""}},"ast-content-background-meta":{"desktop":{"background-color":"var(--ast-global-color-5)","background-image":"","background-repeat":"repeat","background-position":"center center","background-size":"auto","background-attachment":"scroll","background-type":"","background-media":"","overlay-type":"","overlay-color":"","overlay-opacity":"","overlay-gradient":""},"tablet":{"background-color":"var(--ast-global-color-5)","background-image":"","background-repeat":"repeat","background-position":"center center","background-size":"auto","background-attachment":"scroll","background-type":"","background-media":"","overlay-type":"","overlay-color":"","overlay-opacity":"","overlay-gradient":""},"mobile":{"background-color":"var(--ast-global-color-5)","background-image":"","background-repeat":"repeat","background-position":"center center","background-size":"auto","background-attachment":"scroll","background-type":"","background-media":"","overlay-type":"","overlay-color":"","overlay-opacity":"","overlay-gradient":""}},"jetpack_post_was_ever_published":false,"_jetpack_newsletter_access":"","_jetpack_dont_email_post_to_subs":true,"_jetpack_newsletter_tier_id":0,"_jetpack_memberships_contains_paywalled_content":false,"_jetpack_memberships_contains_paid_content":false,"footnotes":"","jetpack_publicize_message":"","jetpack_publicize_feature_enabled":true,"jetpack_social_post_already_shared":true,"jetpack_social_options":{"image_generator_settings":{"template":"highway","enabled":false},"version":2}},"categories":[467],"tags":[22,232,27],"class_list":["post-8029","post","type-post","status-publish","format-standard","has-post-thumbnail","hentry","category-choro","tag-brasilien","tag-cavaquinho","tag-choro"],"jetpack_publicize_connections":[],"jetpack_featured_media_url":"https:\/\/i0.wp.com\/www.gezupftes.de\/wp-content\/uploads\/2013\/01\/waldir-azevedo-02.jpg?fit=289%2C365&ssl=1","jetpack_shortlink":"https:\/\/wp.me\/pI0aV-25v","jetpack_sharing_enabled":true,"_links":{"self":[{"href":"https:\/\/www.gezupftes.de\/index.php?rest_route=\/wp\/v2\/posts\/8029","targetHints":{"allow":["GET"]}}],"collection":[{"href":"https:\/\/www.gezupftes.de\/index.php?rest_route=\/wp\/v2\/posts"}],"about":[{"href":"https:\/\/www.gezupftes.de\/index.php?rest_route=\/wp\/v2\/types\/post"}],"author":[{"embeddable":true,"href":"https:\/\/www.gezupftes.de\/index.php?rest_route=\/wp\/v2\/users\/1"}],"replies":[{"embeddable":true,"href":"https:\/\/www.gezupftes.de\/index.php?rest_route=%2Fwp%2Fv2%2Fcomments&post=8029"}],"version-history":[{"count":8,"href":"https:\/\/www.gezupftes.de\/index.php?rest_route=\/wp\/v2\/posts\/8029\/revisions"}],"predecessor-version":[{"id":13483,"href":"https:\/\/www.gezupftes.de\/index.php?rest_route=\/wp\/v2\/posts\/8029\/revisions\/13483"}],"wp:featuredmedia":[{"embeddable":true,"href":"https:\/\/www.gezupftes.de\/index.php?rest_route=\/wp\/v2\/media\/13484"}],"wp:attachment":[{"href":"https:\/\/www.gezupftes.de\/index.php?rest_route=%2Fwp%2Fv2%2Fmedia&parent=8029"}],"wp:term":[{"taxonomy":"category","embeddable":true,"href":"https:\/\/www.gezupftes.de\/index.php?rest_route=%2Fwp%2Fv2%2Fcategories&post=8029"},{"taxonomy":"post_tag","embeddable":true,"href":"https:\/\/www.gezupftes.de\/index.php?rest_route=%2Fwp%2Fv2%2Ftags&post=8029"}],"curies":[{"name":"wp","href":"https:\/\/api.w.org\/{rel}","templated":true}]}}