{"id":8448,"date":"2013-03-28T15:19:51","date_gmt":"2013-03-28T14:19:51","guid":{"rendered":"http:\/\/www.gezupftes.de\/?p=8448"},"modified":"2017-11-28T07:01:21","modified_gmt":"2017-11-28T06:01:21","slug":"harmonia-selvagem-von-dante-santoro-ein-toller-choro-fur-flote","status":"publish","type":"post","link":"https:\/\/www.gezupftes.de\/?p=8448","title":{"rendered":"Harmonia Selvagem von Dante Santoro &#8211; Ein toller Choro f\u00fcr Fl\u00f6te"},"content":{"rendered":"<p>Gestern habe ich mich mit dem Choro <strong>Harmonia Selvagem<\/strong> von <strong>Dante Santoro<\/strong> besch\u00e4ftigt und meine Playlist f\u00fcr diesen Choro aktualisiert.<\/p>\n<p>Anlass war eine Anfrage nach Noten f\u00fcr die Version dieses Choro f\u00fcr Fl\u00f6te und Klavier die in dem folgenden Video gespielt wird:<\/p>\n<h4 id=\"watch-headline-title\">Dante Santoro (1904-1969) Harmonia Selvagem (1938) &#8211; Duo Barrenechea<\/h4>\n<blockquote><p>SERGIO BARRENECHEA, flute \/ flauta<\/p>\n<p>LUCIA BARRENECHEA, piano<\/p>\n<p>Dante Santoro (1904-1969) Harmonia Selvagem (1938)<br \/>\nUS Tour &#8222;Brasileirissimo!&#8220; Duo Barrenechea<br \/>\nRecital Hall &#8211; School of Music &#8211; Northen Illinois University<br \/>\nSeptember 12th, 2012 &#8211; 8:00 PM<br \/>\nVisite nosso site \/ Visit our web site: <a dir=\"ltr\" title=\"Duo Barrenechea - Fl\u00f6te und Klavier\" href=\"http:\/\/www.duobarrenechea.mus.br\/\" target=\"_blank\" rel=\"nofollow noopener\">http:\/\/www.duobarrenechea.mus.br<\/a><\/p><\/blockquote>\n<div class=\"ast-oembed-container \" style=\"height: 100%;\"><iframe loading=\"lazy\" title=\"Dante Santoro (1904-1969) Harmonia Selvagem (1938) - Duo Barrenechea\" width=\"500\" height=\"281\" src=\"https:\/\/www.youtube.com\/embed\/wEPJzEQ9bXs?feature=oembed\" frameborder=\"0\" allow=\"accelerometer; autoplay; clipboard-write; encrypted-media; gyroscope; picture-in-picture; web-share\" referrerpolicy=\"strict-origin-when-cross-origin\" allowfullscreen><\/iframe><\/div>\n<p>Eine sehr sch\u00f6ne Aufnahme ist das folgende Video mit Antonio Rocha und dem Regional Imperial:<\/p>\n<h4 id=\"watch-headline-title\">Harmonia selvagem ( Dante Santoro )<\/h4>\n<blockquote><p>I\u00ba FESTIVAL DE CHORO DE AVAR\u00c9 &#8211; 2011<br \/>\nHOMENAGEADA: ROSANA TEIXEIRA<br \/>\nApresenta\u00e7\u00e3o no CAC, em Avar\u00e9 no dia 09\/12\/2011<br \/>\nANTONIO ROCHA &amp; REGIONAL IMPERIAL<br \/>\nREGIONAL IMPERIAL:<br \/>\nJUNIOR PITA &#8211; VIOL\u00c3O 6 CORDAS<br \/>\nJO\u00c3O CAMARERO &#8211; VIOL\u00c3O 7 CORDAS<br \/>\nLUCAS ARANTES &#8211; CAVAQUINHO<br \/>\nRAFAEL TOLEDO &#8212; PANDEIRO<\/p><\/blockquote>\n<div class=\"ast-oembed-container \" style=\"height: 100%;\"><iframe loading=\"lazy\" title=\"Harmonia selvagem ( Dante Santoro )\" width=\"500\" height=\"281\" src=\"https:\/\/www.youtube.com\/embed\/jVknAeevnaM?feature=oembed\" frameborder=\"0\" allow=\"accelerometer; autoplay; clipboard-write; encrypted-media; gyroscope; picture-in-picture; web-share\" referrerpolicy=\"strict-origin-when-cross-origin\" allowfullscreen><\/iframe><\/div>\n<p>Besonders interessant bei diesem Choro &#8211; eine Aufnahme mit Dante Santoro selbst von 1938 ist ebenfalls verf\u00fcgbar:<\/p>\n<h4 id=\"firstHeading\" lang=\"en\">File:003-harmonia selvagem &#8211; dante santoro 1938.ogg<\/h4>\n<ul>\n<li><a href=\"http:\/\/commons.wikimedia.org\/wiki\/File:003-harmonia_selvagem_-_dante_santoro_1938.ogg\" target=\"_blank\" rel=\"noopener\">http:\/\/commons.wikimedia.org\/wiki\/File:003-harmonia_selvagem_-_dante_santoro_1938.ogg<\/a><\/li>\n<\/ul>\n<h4>Playlist Harmonia Selvagem &#8211; Dante Santoro<\/h4>\n<div class=\"ast-oembed-container \" style=\"height: 100%;\"><iframe loading=\"lazy\" title=\"Songbook Choro 53 - Harmonia Selvagem -2\" width=\"500\" height=\"281\" src=\"https:\/\/www.youtube.com\/embed\/videoseries?list=PL9938C2F6F64BFA7D\" frameborder=\"0\" allow=\"accelerometer; autoplay; clipboard-write; encrypted-media; gyroscope; picture-in-picture; web-share\" referrerpolicy=\"strict-origin-when-cross-origin\" allowfullscreen><\/iframe><\/div>\n<h4>Weitere Informationen<\/h4>\n<p>\u00dcber Dante Santoro: <a href=\"http:\/\/musicosdobrasil.com.br\/dante-santoro\" target=\"_blank\" rel=\"noopener\">http:\/\/musicosdobrasil.com.br\/dante-santoro<\/a><\/p>\n","protected":false},"excerpt":{"rendered":"<p>Gestern habe ich mich mit dem Choro Harmonia Selvagem von Dante Santoro besch\u00e4ftigt und meine Playlist f\u00fcr diesen Choro aktualisiert. [&hellip;]<\/p>\n","protected":false},"author":1,"featured_media":13600,"comment_status":"closed","ping_status":"closed","sticky":false,"template":"","format":"standard","meta":{"site-sidebar-layout":"default","site-content-layout":"","ast-site-content-layout":"","site-content-style":"default","site-sidebar-style":"default","ast-global-header-display":"","ast-banner-title-visibility":"","ast-main-header-display":"","ast-hfb-above-header-display":"","ast-hfb-below-header-display":"","ast-hfb-mobile-header-display":"","site-post-title":"","ast-breadcrumbs-content":"","ast-featured-img":"","footer-sml-layout":"","theme-transparent-header-meta":"","adv-header-id-meta":"","stick-header-meta":"","header-above-stick-meta":"","header-main-stick-meta":"","header-below-stick-meta":"","astra-migrate-meta-layouts":"default","ast-page-background-enabled":"default","ast-page-background-meta":{"desktop":{"background-color":"var(--ast-global-color-4)","background-image":"","background-repeat":"repeat","background-position":"center center","background-size":"auto","background-attachment":"scroll","background-type":"","background-media":"","overlay-type":"","overlay-color":"","overlay-opacity":"","overlay-gradient":""},"tablet":{"background-color":"","background-image":"","background-repeat":"repeat","background-position":"center center","background-size":"auto","background-attachment":"scroll","background-type":"","background-media":"","overlay-type":"","overlay-color":"","overlay-opacity":"","overlay-gradient":""},"mobile":{"background-color":"","background-image":"","background-repeat":"repeat","background-position":"center center","background-size":"auto","background-attachment":"scroll","background-type":"","background-media":"","overlay-type":"","overlay-color":"","overlay-opacity":"","overlay-gradient":""}},"ast-content-background-meta":{"desktop":{"background-color":"var(--ast-global-color-5)","background-image":"","background-repeat":"repeat","background-position":"center center","background-size":"auto","background-attachment":"scroll","background-type":"","background-media":"","overlay-type":"","overlay-color":"","overlay-opacity":"","overlay-gradient":""},"tablet":{"background-color":"var(--ast-global-color-5)","background-image":"","background-repeat":"repeat","background-position":"center center","background-size":"auto","background-attachment":"scroll","background-type":"","background-media":"","overlay-type":"","overlay-color":"","overlay-opacity":"","overlay-gradient":""},"mobile":{"background-color":"var(--ast-global-color-5)","background-image":"","background-repeat":"repeat","background-position":"center center","background-size":"auto","background-attachment":"scroll","background-type":"","background-media":"","overlay-type":"","overlay-color":"","overlay-opacity":"","overlay-gradient":""}},"jetpack_post_was_ever_published":false,"_jetpack_newsletter_access":"","_jetpack_dont_email_post_to_subs":true,"_jetpack_newsletter_tier_id":0,"_jetpack_memberships_contains_paywalled_content":false,"_jetpack_memberships_contains_paid_content":false,"footnotes":"","jetpack_publicize_message":"","jetpack_publicize_feature_enabled":true,"jetpack_social_post_already_shared":true,"jetpack_social_options":{"image_generator_settings":{"template":"highway","enabled":false},"version":2}},"categories":[467],"tags":[22,27,153],"class_list":["post-8448","post","type-post","status-publish","format-standard","has-post-thumbnail","hentry","category-choro","tag-brasilien","tag-choro","tag-flote"],"jetpack_publicize_connections":[],"jetpack_featured_media_url":"https:\/\/i0.wp.com\/www.gezupftes.de\/wp-content\/uploads\/2013\/03\/choro-harmonia-selvagem-01.jpg?fit=1101%2C667&ssl=1","jetpack_shortlink":"https:\/\/wp.me\/pI0aV-2cg","jetpack_sharing_enabled":true,"_links":{"self":[{"href":"https:\/\/www.gezupftes.de\/index.php?rest_route=\/wp\/v2\/posts\/8448","targetHints":{"allow":["GET"]}}],"collection":[{"href":"https:\/\/www.gezupftes.de\/index.php?rest_route=\/wp\/v2\/posts"}],"about":[{"href":"https:\/\/www.gezupftes.de\/index.php?rest_route=\/wp\/v2\/types\/post"}],"author":[{"embeddable":true,"href":"https:\/\/www.gezupftes.de\/index.php?rest_route=\/wp\/v2\/users\/1"}],"replies":[{"embeddable":true,"href":"https:\/\/www.gezupftes.de\/index.php?rest_route=%2Fwp%2Fv2%2Fcomments&post=8448"}],"version-history":[{"count":9,"href":"https:\/\/www.gezupftes.de\/index.php?rest_route=\/wp\/v2\/posts\/8448\/revisions"}],"predecessor-version":[{"id":13599,"href":"https:\/\/www.gezupftes.de\/index.php?rest_route=\/wp\/v2\/posts\/8448\/revisions\/13599"}],"wp:featuredmedia":[{"embeddable":true,"href":"https:\/\/www.gezupftes.de\/index.php?rest_route=\/wp\/v2\/media\/13600"}],"wp:attachment":[{"href":"https:\/\/www.gezupftes.de\/index.php?rest_route=%2Fwp%2Fv2%2Fmedia&parent=8448"}],"wp:term":[{"taxonomy":"category","embeddable":true,"href":"https:\/\/www.gezupftes.de\/index.php?rest_route=%2Fwp%2Fv2%2Fcategories&post=8448"},{"taxonomy":"post_tag","embeddable":true,"href":"https:\/\/www.gezupftes.de\/index.php?rest_route=%2Fwp%2Fv2%2Ftags&post=8448"}],"curies":[{"name":"wp","href":"https:\/\/api.w.org\/{rel}","templated":true}]}}